{"id":8525,"date":"2026-03-18T21:26:48","date_gmt":"2026-03-18T20:26:48","guid":{"rendered":"https:\/\/www.schuetzen-bilk.de\/?p=8525"},"modified":"2026-03-19T07:22:11","modified_gmt":"2026-03-19T06:22:11","slug":"generalversammlung-2026-gemeinsam-zukunft-gestalten","status":"publish","type":"post","link":"https:\/\/www.schuetzen-bilk.de\/index.php\/2026\/03\/18\/generalversammlung-2026-gemeinsam-zukunft-gestalten\/","title":{"rendered":"Generalversammlung 2026: Gemeinsam Zukunft gestalten"},"content":{"rendered":"\n<p>Im Rahmen unserer diesj\u00e4hrigen Generalversammlung haben wir wichtige Entscheidungen f\u00fcr die Zukunft unseres Vereins getroffen \u2013 Entscheidungen, die zeigen, wie sehr uns Zusammenhalt, Weiterentwicklung und ein starkes Miteinander am Herzen liegen.<\/p>\n\n\n\n<p>Ein besonders bewegender Moment der Versammlung war, das Siegfried \u201eSiggi\u201c Schulz nach vielen Jahren als 2. Platzmeister nicht wieder antrat. \u00dcber viele Jahre hinweg hat er unser Vereinsleben gepr\u00e4gt, Verantwortung \u00fcbernommen und sich mit gro\u00dfem pers\u00f6nlichen Einsatz f\u00fcr die Bilker Sch\u00fctzen engagiert. Daf\u00fcr sagen wir von Herzen: Danke. Als Zeichen unserer gro\u00dfen Wertsch\u00e4tzung wurde Siggi zum Ehrenvorstandsmitglied ernannt \u2013 die offizielle Ehrung wird im feierlichen Rahmen unseres Sch\u00fctzenfestes stattfinden.<\/p>\n\n\n\n<p>Gleichzeitig haben wir die Chance genutzt, unsere Strukturen weiterzuentwickeln. Die bisherigen Positionen des 1. und 2. Platzmeisters werden k\u00fcnftig in einem Amt zusammengef\u00fchrt. Dieses Amt des Platzmeisters \u00fcbernimmt Udo Figge. Mit seiner Wahl setzen wir ein klares Zeichen f\u00fcr Offenheit, Vielfalt und gegenseitigen Respekt: Udo Figge ist das erste offen schwule Mitglied in unserem Vorstand \u2013 ein Schritt, der zeigt, dass bei uns alle ihren Platz haben.<\/p>\n\n\n\n<p>Im Zuge dieser Weiterentwicklung haben wir auch neue Posten geschaffen, um unseren Verein zukunftsf\u00e4hig aufzustellen und neue Impulse zu setzen. Besonders stolz sind wir darauf, dass mit Laura Breuer erstmals eine Frau Verantwortung in unserem Vorstand \u00fcbernimmt. Als Referentin der Gesch\u00e4ftsf\u00fchrung mit dem Schwerpunkt Finanzen bringt sie nicht nur frischen Wind und gro\u00dfes Engagement mit, sondern ist als amtierende Regimentsk\u00f6nigin auch tief im Vereinsleben verwurzelt. Gleichzeitig ist sie das j\u00fcngste Mitglied in unserem Vorstand \u2013 ein starkes Zeichen daf\u00fcr, wie wichtig uns die Einbindung der n\u00e4chsten Generation ist.<\/p>\n\n\n\n<p>Mit Stephan Ambaum als neuem Marketingbeauftragten st\u00e4rken wir gezielt unsere Au\u00dfendarstellung. Stephan ist kein Unbekannter: Bereits seit einem Jahr arbeitet er federf\u00fchrend in unserer Marketingkommission mit und hat in der Vergangenheit schon Verantwortung im Vorstand \u00fcbernommen. Mit seiner Erfahrung und seinem Einsatz wird er insbesondere unser Online-Marketing weiter voranbringen.<\/p>\n\n\n\n<p>Ein ebenso wichtiges Zeichen f\u00fcr Kontinuit\u00e4t und Verl\u00e4sslichkeit sind unsere Wiederwahlen: Ralf Gendrung wurde als 2. Chef wiedergew\u00e4hlt, ebenso wie Tim Wiatrowski als 1. Schriftf\u00fchrer. Beide leisten im gesch\u00e4ftsf\u00fchrenden Vorstand seit Jahren eine \u00e4u\u00dferst wertvolle und engagierte Arbeit. Auch Martin Kramp wurde in seinem Amt als Schie\u00dfmeister wiedergew\u00e4hlt, welches er mit gro\u00dfem Engagement besetzt.<\/p>\n\n\n\n<p>Auch mit Blick in die Zukunft haben wir wichtige Weichen gestellt: Im kommenden Jahr soll die Position eines Referenten der Gesch\u00e4ftsf\u00fchrung mit dem Schwerpunkt Gesch\u00e4ftsf\u00fchrung geschaffen werden. Dar\u00fcber hinaus ist geplant, in den n\u00e4chsten Jahren das Amt des Sportwarts wieder zu besetzen und damit eine fr\u00fchere, bew\u00e4hrte Struktur wieder aufleben zu lassen.<\/p>\n\n\n\n<p>Ein besonders wichtiger Beschluss betrifft unsere Satzung: Mit einer Erg\u00e4nzung zur Pr\u00e4vention von Gewalt bekennen wir uns klar zu einem respektvollen, sicheren und verantwortungsbewussten Miteinander. F\u00fcr uns ist das nicht nur ein formaler Schritt, sondern ein klares Versprechen an alle Mitglieder.<\/p>\n\n\n\n<p>Diese Generalversammlung hat gezeigt, was unseren Verein ausmacht: Wir stehen zosamme, wir tragen Verantwortung f\u00fcreinander und wir gehen gemeinsam nach vorne. Mit Respekt vor dem, was war, und mit Zuversicht in das, was kommt, gestalten wir die Zukunft der Bilker Sch\u00fctzen.<\/p>\n\n\n\n<figure class=\"wp-block-image size-large\"><img loading=\"lazy\" decoding=\"async\" width=\"1024\" height=\"577\" src=\"https:\/\/www.schuetzen-bilk.de\/wp-content\/uploads\/2026\/03\/2f1e1bbf-ca59-4066-a585-048cbcf670fc-1024x577.jpg\" alt=\"\" class=\"wp-image-8530\"\/><figcaption class=\"wp-element-caption\">Siggi Schulz, Laura Breuer, Udo Figge und Stephan Ambaum<\/figcaption><\/figure>\n\n\n\n<figure class=\"wp-block-image size-large\"><img loading=\"lazy\" decoding=\"async\" width=\"2000\" height=\"1126\" src=\"https:\/\/www.schuetzen-bilk.de\/wp-content\/uploads\/2026\/03\/2774013b-1694-4b0b-94d1-d51eed9d92c1.jpg\" alt=\"\" class=\"wp-image-8528\" srcset=\"https:\/\/www.schuetzen-bilk.de\/wp-content\/uploads\/2026\/03\/2774013b-1694-4b0b-94d1-d51eed9d92c1.jpg 2000w, https:\/\/www.schuetzen-bilk.de\/wp-content\/uploads\/2026\/03\/2774013b-1694-4b0b-94d1-d51eed9d92c1-300x169.jpg 300w, https:\/\/www.schuetzen-bilk.de\/wp-content\/uploads\/2026\/03\/2774013b-1694-4b0b-94d1-d51eed9d92c1-1024x577.jpg 1024w, https:\/\/www.schuetzen-bilk.de\/wp-content\/uploads\/2026\/03\/2774013b-1694-4b0b-94d1-d51eed9d92c1-768x432.jpg 768w, https:\/\/www.schuetzen-bilk.de\/wp-content\/uploads\/2026\/03\/2774013b-1694-4b0b-94d1-d51eed9d92c1-1536x865.jpg 1536w, https:\/\/www.schuetzen-bilk.de\/wp-content\/uploads\/2026\/03\/2774013b-1694-4b0b-94d1-d51eed9d92c1-465x262.jpg 465w, https:\/\/www.schuetzen-bilk.de\/wp-content\/uploads\/2026\/03\/2774013b-1694-4b0b-94d1-d51eed9d92c1-695x391.jpg 695w\" sizes=\"auto, (max-width: 2000px) 100vw, 2000px\" \/><\/figure>\n","protected":false},"excerpt":{"rendered":"<p>Im Rahmen unserer diesj\u00e4hrigen Generalversammlung haben wir wichtige Entscheidungen f\u00fcr die Zukunft unseres Vereins getroffen \u2013 Entscheidungen, die zeigen, wie sehr uns Zusammenhalt, Weiterentwicklung und<span class=\"more-link\"><a href=\"https:\/\/www.schuetzen-bilk.de\/index.php\/2026\/03\/18\/generalversammlung-2026-gemeinsam-zukunft-gestalten\/\">Mehr&#8230;<\/a><\/span><\/p>\n","protected":false},"author":6,"featured_media":8528,"comment_status":"closed","ping_status":"open","sticky":false,"template":"","format":"standard","meta":{"footnotes":""},"categories":[1,49,51],"tags":[],"class_list":["entry","author-scarlett","post-8525","post","type-post","status-publish","format-standard","has-post-thumbnail","category-allgemein","category-veranstaltungen","category-zosamme"],"_links":{"self":[{"href":"https:\/\/www.schuetzen-bilk.de\/index.php\/wp-json\/wp\/v2\/posts\/8525","targetHints":{"allow":["GET"]}}],"collection":[{"href":"https:\/\/www.schuetzen-bilk.de\/index.php\/wp-json\/wp\/v2\/posts"}],"about":[{"href":"https:\/\/www.schuetzen-bilk.de\/index.php\/wp-json\/wp\/v2\/types\/post"}],"author":[{"embeddable":true,"href":"https:\/\/www.schuetzen-bilk.de\/index.php\/wp-json\/wp\/v2\/users\/6"}],"replies":[{"embeddable":true,"href":"https:\/\/www.schuetzen-bilk.de\/index.php\/wp-json\/wp\/v2\/comments?post=8525"}],"version-history":[{"count":5,"href":"https:\/\/www.schuetzen-bilk.de\/index.php\/wp-json\/wp\/v2\/posts\/8525\/revisions"}],"predecessor-version":[{"id":8534,"href":"https:\/\/www.schuetzen-bilk.de\/index.php\/wp-json\/wp\/v2\/posts\/8525\/revisions\/8534"}],"wp:featuredmedia":[{"embeddable":true,"href":"https:\/\/www.schuetzen-bilk.de\/index.php\/wp-json\/wp\/v2\/media\/8528"}],"wp:attachment":[{"href":"https:\/\/www.schuetzen-bilk.de\/index.php\/wp-json\/wp\/v2\/media?parent=8525"}],"wp:term":[{"taxonomy":"category","embeddable":true,"href":"https:\/\/www.schuetzen-bilk.de\/index.php\/wp-json\/wp\/v2\/categories?post=8525"},{"taxonomy":"post_tag","embeddable":true,"href":"https:\/\/www.schuetzen-bilk.de\/index.php\/wp-json\/wp\/v2\/tags?post=8525"}],"curies":[{"name":"wp","href":"https:\/\/api.w.org\/{rel}","templated":true}]}}