{"id":7891,"date":"2023-06-13T16:30:05","date_gmt":"2023-06-13T14:30:05","guid":{"rendered":"https:\/\/www.schuetzen-bilk.de\/?p=7891"},"modified":"2023-06-13T16:30:05","modified_gmt":"2023-06-13T14:30:05","slug":"kinderschuetzenfest-2023","status":"publish","type":"post","link":"https:\/\/www.schuetzen-bilk.de\/index.php\/2023\/06\/13\/kinderschuetzenfest-2023\/","title":{"rendered":"Kindersch\u00fctzenfest 2023"},"content":{"rendered":"<p><img loading=\"lazy\" decoding=\"async\" class=\"size-medium wp-image-7892 alignleft\" src=\"https:\/\/www.schuetzen-bilk.de\/wp-content\/uploads\/2023\/06\/WhatsApp-Bild-2023-06-13-um-14.31.16-300x200.jpg\" alt=\"\" width=\"300\" height=\"200\" srcset=\"https:\/\/www.schuetzen-bilk.de\/wp-content\/uploads\/2023\/06\/WhatsApp-Bild-2023-06-13-um-14.31.16-300x200.jpg 300w, https:\/\/www.schuetzen-bilk.de\/wp-content\/uploads\/2023\/06\/WhatsApp-Bild-2023-06-13-um-14.31.16-1024x682.jpg 1024w, https:\/\/www.schuetzen-bilk.de\/wp-content\/uploads\/2023\/06\/WhatsApp-Bild-2023-06-13-um-14.31.16-768x512.jpg 768w, https:\/\/www.schuetzen-bilk.de\/wp-content\/uploads\/2023\/06\/WhatsApp-Bild-2023-06-13-um-14.31.16-1536x1023.jpg 1536w, https:\/\/www.schuetzen-bilk.de\/wp-content\/uploads\/2023\/06\/WhatsApp-Bild-2023-06-13-um-14.31.16-465x310.jpg 465w, https:\/\/www.schuetzen-bilk.de\/wp-content\/uploads\/2023\/06\/WhatsApp-Bild-2023-06-13-um-14.31.16-695x463.jpg 695w, https:\/\/www.schuetzen-bilk.de\/wp-content\/uploads\/2023\/06\/WhatsApp-Bild-2023-06-13-um-14.31.16.jpg 1600w\" sizes=\"auto, (max-width: 300px) 100vw, 300px\" \/>Es war einer dieser Momente, die in Erinnerung bleiben und so leicht nicht wiederholbar sind.<br \/>\nDa war der bereits gut besuchte Bilker Sch\u00fctzen Platz, auf dem sich die Kompanien der Bilker Sch\u00fctzen zum M\u00f6schesonntag \/ B\u00fcrgerfest eingefunden hatten.<br \/>\nSchon von weitem h\u00f6rte man die Kl\u00e4nge des Tambourkorps Sankt Martin und des Freisch\u00fctz Fanfarencorps, die vom Aachener Platz in Richtung Sch\u00fctzenplatz marschierten. Vorstand, Fahnen, K\u00f6nigspaar und viele Kinder als Teilnehmer zum zweiten Bilker Kindersch\u00fctzenfest im Schlepptau.<\/p>\n<p>Blauer Himmel, die Sonne strahlte, auf dem Platz bereits eine tolle Stimmung als Rene B. Fahrer des riesigen Trucks der als B\u00fchne diente, das un\u00fcberh\u00f6rbare Signalhorn \u00fcber den Platz schallen lie\u00df.<br \/>\nDie anwesende Jugendfeuerwehr der Stadt D\u00fcsseldorf schloss sich an, gleichzeitig mit einem lauten Tat\u00fctata schoss eine Wasserfont\u00e4ne in den Himmel.<\/p>\n<p>Was war das f\u00fcr eine Begr\u00fc\u00dfung f\u00fcr die Kinder!<br \/>\nSo imposant und eindrucksvoll, dass es sogar alle Anwesenden von den St\u00fchlen riss &#8211; Einmarsch der Kinder und die Sch\u00fctzen standen Spalier.<\/p>\n<p>Was f\u00fcr strahlende und lachende Gesichter, voller Stolz hier dabei sein zu d\u00fcrfen \u2013 die Kleinen waren pl\u00f6tzlich ganz gro\u00df.<\/p>\n<p>Nach der Begr\u00fc\u00dfung standen Spielst\u00e4tten und H\u00fcpfburgen bereit, den Kindern die Zeit zu verk\u00fcrzen, f\u00fcr Essen und Trinken war ebenfalls gesorgt. Die Freude der Kinder steckte f\u00f6rmlich an, es war sichtbar wie viel Spa\u00df sie hatten. Zwischendurch eine Kinderdisco, Dosen werfen als Wettbewerb und zum Abschluss eine Urkunde f\u00fcr alle und f\u00fcr die Sieger tolle Preise aus den H\u00e4nden von DEG Legende. Walter K\u00f6berle.<\/p>\n<p>Es werden wohl einige Kinder diesen Tag mit in ihre Tr\u00e4ume genommen haben. Die Bilker Sch\u00fctzen sind stolz darauf, hier einen weiteren Baustein aus ihrem Konzept \u201eZOSAMME\u201c in das Sch\u00fctzenjahr eingepasst zu haben. Die Bilker Sch\u00fctzen wollen alle erreichen, auch Jung und Alt vereinen.<\/p>\n<p>Danke allen die zu diesem Tag beigetragen haben, insbesondere auch der Kindertagesst\u00e4tte Ubierstra\u00dfe, der D\u00fcsseldorfer B\u00fcrgerwehr und der Jugendfeuerwehr D\u00fcsseldorf sowie allen Eltern.<\/p>\n<p><iframe loading=\"lazy\" title=\"2023 Bilker Kinderschuetzenfest\" width=\"1440\" height=\"810\" src=\"https:\/\/www.youtube.com\/embed\/guIA5UVMcTs?feature=oembed\" frameborder=\"0\" allow=\"accelerometer; autoplay; clipboard-write; encrypted-media; gyroscope; picture-in-picture; web-share\" allowfullscreen><\/iframe><\/p>\n","protected":false},"excerpt":{"rendered":"<p>Es war einer dieser Momente, die in Erinnerung bleiben und so leicht nicht wiederholbar sind. Da war der bereits gut besuchte Bilker Sch\u00fctzen Platz, auf<span class=\"more-link\"><a href=\"https:\/\/www.schuetzen-bilk.de\/index.php\/2023\/06\/13\/kinderschuetzenfest-2023\/\">Mehr&#8230;<\/a><\/span><\/p>\n","protected":false},"author":1,"featured_media":7892,"comment_status":"closed","ping_status":"closed","sticky":false,"template":"","format":"standard","meta":{"footnotes":""},"categories":[41,42,63,52,64,43,40,12,51],"tags":[],"class_list":["entry","author-sebastian-thoene","post-7891","post","type-post","status-publish","format-standard","has-post-thumbnail","category-jubilaeumspokal","category-karl-rindlaub-kette","category-kinderschuetzenfest","category-kompanien","category-moeschesontag","category-schuetzenfest","category-sportschiessen","category-uncategorized","category-zosamme"],"_links":{"self":[{"href":"https:\/\/www.schuetzen-bilk.de\/index.php\/wp-json\/wp\/v2\/posts\/7891","targetHints":{"allow":["GET"]}}],"collection":[{"href":"https:\/\/www.schuetzen-bilk.de\/index.php\/wp-json\/wp\/v2\/posts"}],"about":[{"href":"https:\/\/www.schuetzen-bilk.de\/index.php\/wp-json\/wp\/v2\/types\/post"}],"author":[{"embeddable":true,"href":"https:\/\/www.schuetzen-bilk.de\/index.php\/wp-json\/wp\/v2\/users\/1"}],"replies":[{"embeddable":true,"href":"https:\/\/www.schuetzen-bilk.de\/index.php\/wp-json\/wp\/v2\/comments?post=7891"}],"version-history":[{"count":1,"href":"https:\/\/www.schuetzen-bilk.de\/index.php\/wp-json\/wp\/v2\/posts\/7891\/revisions"}],"predecessor-version":[{"id":7893,"href":"https:\/\/www.schuetzen-bilk.de\/index.php\/wp-json\/wp\/v2\/posts\/7891\/revisions\/7893"}],"wp:featuredmedia":[{"embeddable":true,"href":"https:\/\/www.schuetzen-bilk.de\/index.php\/wp-json\/wp\/v2\/media\/7892"}],"wp:attachment":[{"href":"https:\/\/www.schuetzen-bilk.de\/index.php\/wp-json\/wp\/v2\/media?parent=7891"}],"wp:term":[{"taxonomy":"category","embeddable":true,"href":"https:\/\/www.schuetzen-bilk.de\/index.php\/wp-json\/wp\/v2\/categories?post=7891"},{"taxonomy":"post_tag","embeddable":true,"href":"https:\/\/www.schuetzen-bilk.de\/index.php\/wp-json\/wp\/v2\/tags?post=7891"}],"curies":[{"name":"wp","href":"https:\/\/api.w.org\/{rel}","templated":true}]}}