{"id":7487,"date":"2022-06-21T18:04:49","date_gmt":"2022-06-21T16:04:49","guid":{"rendered":"https:\/\/www.schuetzen-bilk.de\/?p=7487"},"modified":"2022-06-21T18:04:49","modified_gmt":"2022-06-21T16:04:49","slug":"moeschesonntag-2022","status":"publish","type":"post","link":"https:\/\/www.schuetzen-bilk.de\/index.php\/2022\/06\/21\/moeschesonntag-2022\/","title":{"rendered":"M\u00f6schesonntag 2022"},"content":{"rendered":"<p><img loading=\"lazy\" decoding=\"async\" class=\" wp-image-7490 alignleft\" src=\"https:\/\/www.schuetzen-bilk.de\/wp-content\/uploads\/2022\/06\/Msoda003-300x200.jpeg\" alt=\"\" width=\"152\" height=\"101\" srcset=\"https:\/\/www.schuetzen-bilk.de\/wp-content\/uploads\/2022\/06\/Msoda003-300x200.jpeg 300w, https:\/\/www.schuetzen-bilk.de\/wp-content\/uploads\/2022\/06\/Msoda003-1024x684.jpeg 1024w, https:\/\/www.schuetzen-bilk.de\/wp-content\/uploads\/2022\/06\/Msoda003-768x513.jpeg 768w, https:\/\/www.schuetzen-bilk.de\/wp-content\/uploads\/2022\/06\/Msoda003-465x311.jpeg 465w, https:\/\/www.schuetzen-bilk.de\/wp-content\/uploads\/2022\/06\/Msoda003-695x464.jpeg 695w, https:\/\/www.schuetzen-bilk.de\/wp-content\/uploads\/2022\/06\/Msoda003.jpeg 1199w\" sizes=\"auto, (max-width: 152px) 100vw, 152px\" \/>G\u00e4nsehaut pur und so manches verdr\u00fcckte Tr\u00e4nchen, so erging<br \/>\nes der Sch\u00fctzenfamilie zu Beginn des M\u00f6schesonntag. Zu den\u00a0 Kl\u00e4ngen der<br \/>\nMarschmusik marschierten sie in breiter Front auf den Sch\u00fctzenplatz ein, das<br \/>\nTambourcorps St Martin, Fanfarencorps Freisch\u00fctz, dahinter Majest\u00e4ten, Vorstand,<br \/>\nOffiziere. Hunderte Bilker Sch\u00fctzen und Sch\u00fctzenfrauen bildeten zusammen mit den<br \/>\nFahnen des Regiments ein Spalier und klatschten im Takt der Trommeln.<br \/>\nGro\u00dfer Beifall, als dahinter die Pagen der D\u00fcsseldorfer B\u00fcrgerwehr, Kinder der<br \/>\nTagest\u00e4tte Ubierstra\u00dfe und einige Pagen des Regiments auf den Platz<br \/>\nmarschierten.<\/p>\n<p>2022 wurde erstmals ein Kindersch\u00fctzenfest in den M\u00f6schesonntag integriert, der<br \/>\nBeginn einer neu aufgestellten Nachwuchsarbeit und das sollte an diesem Tag ein<br \/>\ngro\u00dfer Erfolg werden.<\/p>\n<p>Nach der Begr\u00fc\u00dfung vom 1.Chef Uli M\u00fcller und einigen<br \/>\nMusikst\u00fccken ging es direkt Schlag auf Schlag, es folgten Ehrungen:<\/p>\n<div align=\"left\">\n<table border=\"0\" width=\"65%\">\n<tbody>\n<tr>\n<td colspan=\"2\"><span style=\"font-size: 12pt;\">Vom RSB erhielten die <b>Gro\u00dfe Bronzene Verdienstnade<\/b><\/span><\/td>\n<\/tr>\n<tr>\n<td width=\"50%\"><span style=\"font-size: 11.0pt; line-height: 107%; font-family: Calibri,sans-serif;\">Gendrung, Philip\u00a0\u00a0\u00a0\u00a0\u00a0\u00a0\u00a0\u00a0\u00a0\u00a0\u00a0\u00a0\u00a0\u00a0\u00a0\u00a0 <\/span><\/td>\n<td width=\"50%\"><span style=\"font-size: 11.0pt; line-height: 107%; font-family: Calibri,sans-serif;\">4. Grenadiere<\/span><\/td>\n<\/tr>\n<tr>\n<td width=\"50%\"><span style=\"font-size: 11.0pt; line-height: 107%; font-family: Calibri,sans-serif;\">Wachholder, Richard<\/span><\/td>\n<td width=\"50%\"><span style=\"font-size: 11.0pt; line-height: 107%; font-family: Calibri,sans-serif;\">Antonius<\/span><\/td>\n<\/tr>\n<tr>\n<td width=\"50%\"><span style=\"font-size: 11.0pt; line-height: 107%; font-family: Calibri,sans-serif;\">Kallweit, Michael\u00a0\u00a0\u00a0\u00a0\u00a0\u00a0\u00a0\u00a0\u00a0\u00a0\u00a0\u00a0 <\/span><\/td>\n<td width=\"50%\"><span style=\"font-size: 11.0pt; line-height: 107%; font-family: Calibri,sans-serif;\">1.Garde Sch\u00fctzen<\/span><\/td>\n<\/tr>\n<tr>\n<td width=\"50%\"><span style=\"font-size: 11.0pt; line-height: 107%; font-family: Calibri,sans-serif;\">Grebe, Wilhelm<\/span><\/td>\n<td width=\"50%\"><span style=\"font-size: 11.0pt; line-height: 107%; font-family: Calibri,sans-serif;\">St.Seb. J\u00e4ger<\/span><\/td>\n<\/tr>\n<\/tbody>\n<\/table>\n<p>&nbsp;<\/p>\n<\/div>\n<div align=\"left\">\n<table border=\"0\" width=\"65%\">\n<tbody>\n<tr>\n<td colspan=\"2\"><span style=\"font-size: 12pt;\"><b><span style=\"line-height: 107%; font-family: Calibri, sans-serif;\">Gro\u00dfe Silberne Verdienstnadel<\/span><\/b><\/span><\/td>\n<\/tr>\n<tr>\n<td width=\"50%\"><span style=\"font-size: 11.0pt; line-height: 107%; font-family: Calibri,sans-serif;\">Lorenz, Daniel\u00a0\u00a0\u00a0\u00a0\u00a0\u00a0\u00a0\u00a0\u00a0\u00a0\u00a0\u00a0\u00a0\u00a0\u00a0\u00a0 <\/span><\/td>\n<td width=\"50%\"><span style=\"font-size: 11.0pt; line-height: 107%; font-family: Calibri,sans-serif;\">TC St.Martin <\/span><\/td>\n<\/tr>\n<tr>\n<td width=\"50%\"><span style=\"font-size: 11.0pt; line-height: 107%; font-family: Calibri,sans-serif;\">Grebe, Dennis<\/span><\/td>\n<td width=\"50%\"><span style=\"font-size: 11.0pt; line-height: 107%; font-family: Calibri,sans-serif;\">St.Seb.J\u00e4ger <\/span><\/td>\n<\/tr>\n<tr>\n<td width=\"50%\"><span style=\"font-size: 11.0pt; line-height: 107%; font-family: Calibri,sans-serif;\">Schulz, Sascha<\/span><\/td>\n<td width=\"50%\"><span style=\"font-size: 11.0pt; line-height: 107%; font-family: Calibri,sans-serif;\">TC St.Martin <\/span><\/td>\n<\/tr>\n<\/tbody>\n<\/table>\n<\/div>\n<p>&nbsp;<\/p>\n<div align=\"left\">\n<table border=\"0\" width=\"65%\">\n<tbody>\n<tr>\n<td colspan=\"2\"><b><span style=\"font-size: 11.0pt; line-height: 107%; font-family: Calibri,sans-serif;\">Gro\u00dfe Goldene Verdienstnadel<\/span><\/b><\/td>\n<\/tr>\n<tr>\n<td width=\"50%\"><span style=\"font-size: 11.0pt; line-height: 107%; font-family: Calibri,sans-serif;\">Irsen, Stefan<\/span><\/td>\n<td width=\"50%\"><span style=\"font-size: 11.0pt; line-height: 107%; font-family: Calibri,sans-serif;\">1.Grenadier <\/span><\/td>\n<\/tr>\n<tr>\n<td width=\"50%\"><span style=\"font-size: 11.0pt; line-height: 107%; font-family: Calibri,sans-serif;\">Reuner, Carsten<\/span><\/td>\n<td width=\"50%\"><span style=\"font-size: 11.0pt; line-height: 107%; font-family: Calibri,sans-serif;\">Germania<\/span><\/td>\n<\/tr>\n<tr>\n<td width=\"50%\"><span style=\"font-size: 11.0pt; line-height: 107%; font-family: Calibri,sans-serif;\">M\u00fcller, Jim<\/span><\/td>\n<td width=\"50%\"><span style=\"font-size: 11.0pt; line-height: 107%; font-family: Calibri,sans-serif;\">1.Grenadier<\/span><\/td>\n<\/tr>\n<\/tbody>\n<\/table>\n<p><span style=\"font-size: 11.0pt; line-height: 107%; font-family: Calibri,sans-serif;\"><br \/>\nEs folgten die Ehrungen f\u00fcr die Sieger des Jubil\u00e4umspokals und der Karl Rindlaubkette so wie den Siegern der Vereinsmeisterschaft.<\/p>\n<p><\/span><\/p>\n<table style=\"width: 65%;\" border=\"0\" width=\"65%\">\n<tbody>\n<tr>\n<td style=\"width: 100%;\" colspan=\"2\"><b>Die Silberne Nadel<\/b> f\u00fcr 25 Jahre Vereinsmeisterschaft erhielten:<\/td>\n<\/tr>\n<tr>\n<td style=\"width: 50%;\" width=\"50%\"><span style=\"font-size: 11.0pt; line-height: 107%; font-family: Calibri,sans-serif;\">Armbruster, Herbert \u00a0\u00a0\u00a0\u00a0\u00a0\u00a0\u00a0\u00a0\u00a0\u00a0\u00a0\u00a0\u00a0\u00a0\u00a0\u00a0\u00a0<\/span><\/td>\n<td style=\"width: 50%;\" width=\"50%\"><span style=\"font-size: 11.0pt; line-height: 107%; font-family: Calibri,sans-serif;\">1. Grenadiere\u00a0\u00a0\u00a0\u00a0\u00a0\u00a0\u00a0 <\/span><\/td>\n<\/tr>\n<tr>\n<td style=\"width: 50%;\" width=\"50%\"><span style=\"font-size: 11.0pt; line-height: 107%; font-family: Calibri,sans-serif;\">Grebe, Dennis\u00a0\u00a0\u00a0\u00a0\u00a0\u00a0\u00a0\u00a0\u00a0\u00a0 <\/span><\/td>\n<td style=\"width: 50%;\" width=\"50%\"><span style=\"font-size: 11.0pt; line-height: 107%; font-family: Calibri,sans-serif;\">St.Seb. J\u00e4ger\u00a0\u00a0\u00a0\u00a0\u00a0\u00a0\u00a0\u00a0\u00a0\u00a0 <\/span><\/td>\n<\/tr>\n<tr>\n<td style=\"width: 50%;\" width=\"50%\"><span style=\"font-size: 11.0pt; line-height: 107%; font-family: Calibri,sans-serif;\">Grebe, Wilhelm\u00a0\u00a0\u00a0\u00a0\u00a0\u00a0\u00a0\u00a0\u00a0\u00a0\u00a0 <\/span><\/td>\n<td style=\"width: 50%;\" width=\"50%\"><span style=\"font-size: 11.0pt; line-height: 107%; font-family: Calibri,sans-serif;\">St.Seb. J\u00e4ger<\/span><\/td>\n<\/tr>\n<tr>\n<td style=\"width: 50%;\" width=\"50%\"><span style=\"font-size: 11.0pt; line-height: 107%; font-family: Calibri,sans-serif;\">Hagenl\u00fccke, Markus\u00a0\u00a0\u00a0\u00a0\u00a0\u00a0\u00a0\u00a0\u00a0\u00a0\u00a0\u00a0 <\/span><\/td>\n<td style=\"width: 50%;\" width=\"50%\"><span style=\"font-size: 11.0pt; line-height: 107%; font-family: Calibri,sans-serif;\">Freisch\u00fctz<\/span><\/td>\n<\/tr>\n<tr>\n<td style=\"width: 50%;\" width=\"50%\"><span style=\"font-size: 11.0pt; line-height: 107%; font-family: Calibri,sans-serif;\">Karduck, Manfred<\/span><\/td>\n<td style=\"width: 50%;\" width=\"50%\"><span style=\"font-size: 11.0pt; line-height: 107%; font-family: Calibri,sans-serif;\">Schill<\/span><\/td>\n<\/tr>\n<tr>\n<td style=\"width: 50%;\" width=\"50%\"><span style=\"font-size: 11.0pt; line-height: 107%; font-family: Calibri,sans-serif;\">Kirchh\u00fcbel, Christopher\u00a0\u00a0\u00a0\u00a0\u00a0\u00a0\u00a0\u00a0\u00a0\u00a0 <\/span><\/td>\n<td style=\"width: 50%;\" width=\"50%\"><span style=\"font-size: 11.0pt; line-height: 107%; font-family: Calibri,sans-serif;\">Freisch\u00fctz<\/span><\/td>\n<\/tr>\n<tr>\n<td style=\"width: 50%;\" width=\"50%\"><span style=\"font-size: 11.0pt; line-height: 107%; font-family: Calibri,sans-serif;\">Schwarz, Andreas\u00a0\u00a0\u00a0\u00a0\u00a0\u00a0\u00a0\u00a0\u00a0\u00a0\u00a0\u00a0\u00a0\u00a0 <\/span><\/td>\n<td style=\"width: 50%;\" width=\"50%\"><span style=\"font-size: 11.0pt; line-height: 107%; font-family: Calibri,sans-serif;\">Antonius<\/span><\/td>\n<\/tr>\n<tr>\n<td style=\"width: 50%;\" width=\"50%\"><span style=\"font-size: 11.0pt; line-height: 107%; font-family: Calibri,sans-serif;\">Stolzenberg, Klaus jun. <\/span><\/td>\n<td style=\"width: 50%;\" width=\"50%\"><span style=\"font-size: 11.0pt; line-height: 107%; font-family: Calibri,sans-serif;\">Bilker Heimatfreunde<\/span><\/td>\n<\/tr>\n<\/tbody>\n<\/table>\n<p>&nbsp;<\/p>\n<table border=\"0\" width=\"65%\">\n<tbody>\n<tr>\n<td colspan=\"2\"><b><span style=\"font-size: 11.0pt; line-height: 107%; font-family: Calibri,sans-serif;\">F\u00fcr 40 Jahre Mitgliedschaft <\/span><\/b><span style=\"font-size: 11.0pt; line-height: 107%; font-family: Calibri,sans-serif;\">wurden vom RSB &amp; DSB mit der goldenen Verdienstnadel geehrt:<\/span><\/td>\n<\/tr>\n<tr>\n<td width=\"50%\"><span style=\"font-size: 11.0pt; line-height: 107%; font-family: Calibri,sans-serif;\">Kochler, Werner\u00a0\u00a0\u00a0\u00a0\u00a0\u00a0\u00a0\u00a0\u00a0\u00a0\u00a0\u00a0\u00a0\u00a0\u00a0 <\/span><\/td>\n<td width=\"50%\"><span style=\"font-size: 11.0pt; line-height: 107%; font-family: Calibri,sans-serif;\">And.Hofer \u2013 Hub. J\u00e4ger\u00a0 <\/span><\/td>\n<\/tr>\n<tr>\n<td width=\"50%\"><span style=\"font-size: 11.0pt; line-height: 107%; font-family: Calibri,sans-serif;\">Pahl, Werner\u00a0\u00a0\u00a0\u00a0\u00a0\u00a0\u00a0\u00a0\u00a0\u00a0\u00a0\u00a0\u00a0\u00a0\u00a0\u00a0 <\/span><\/td>\n<td width=\"50%\"><span style=\"font-size: 11.0pt; line-height: 107%; font-family: Calibri,sans-serif;\">St.Seb. J\u00e4ger\u00a0\u00a0\u00a0\u00a0\u00a0\u00a0\u00a0\u00a0\u00a0\u00a0 <\/span><\/td>\n<\/tr>\n<tr>\n<td width=\"50%\"><span style=\"font-size: 11.0pt; line-height: 107%; font-family: Calibri,sans-serif;\">Preusser, Dirk\u00a0\u00a0\u00a0\u00a0\u00a0\u00a0\u00a0\u00a0\u00a0\u00a0\u00a0\u00a0\u00a0\u00a0\u00a0\u00a0 <\/span><\/td>\n<td width=\"50%\"><span style=\"font-size: 11.0pt; line-height: 107%; font-family: Calibri,sans-serif;\">4. Grenadiere\u00a0\u00a0\u00a0\u00a0\u00a0\u00a0\u00a0\u00a0\u00a0\u00a0 <\/span><\/td>\n<\/tr>\n<tr>\n<td width=\"50%\"><span style=\"font-size: 11.0pt; line-height: 107%; font-family: Calibri,sans-serif;\">Schickhaus, Thomas\u00a0\u00a0\u00a0\u00a0\u00a0\u00a0\u00a0\u00a0\u00a0\u00a0\u00a0\u00a0\u00a0\u00a0\u00a0 <\/span><\/td>\n<td width=\"50%\"><span style=\"font-size: 11.0pt; line-height: 107%; font-family: Calibri,sans-serif;\">Schill\u00a0 <\/span><\/td>\n<\/tr>\n<tr>\n<td width=\"50%\"><span style=\"font-size: 11.0pt; line-height: 107%; font-family: Calibri,sans-serif;\">Segebarth, Hans-Josef\u00a0\u00a0\u00a0\u00a0\u00a0\u00a0\u00a0\u00a0\u00a0\u00a0\u00a0\u00a0\u00a0\u00a0 <\/span><\/td>\n<td width=\"50%\"><span style=\"font-size: 11.0pt; line-height: 107%; font-family: Calibri,sans-serif;\">3. Grenadiere <\/span><\/td>\n<\/tr>\n<tr>\n<td width=\"50%\"><span style=\"font-size: 11.0pt; line-height: 107%; font-family: Calibri,sans-serif;\">Wiatrowski, Tim\u00a0\u00a0\u00a0\u00a0\u00a0\u00a0 \u00a0\u00a0\u00a0\u00a0\u00a0\u00a0\u00a0\u00a0\u00a0\u00a0\u00a0\u00a0<\/span><\/td>\n<td width=\"50%\"><span style=\"font-size: 11.0pt; line-height: 107%; font-family: Calibri,sans-serif;\">Bilker Heimatfreunde<\/span><\/td>\n<\/tr>\n<\/tbody>\n<\/table>\n<p>Parallel dazu tummelten sich die Kinder auf einigen,<br \/>\nf\u00fcr sie aufgebauten Fahrgesch\u00e4ften und Spielestationen. Auf dem Schie\u00dfstand<br \/>\nherrschte Hochbetrieb und bei strahlendem Sonnenschein eine super Stimmung<br \/>\nauf dem Platz. Gro\u00dfer Jubel als sich Martina Metzger (Kompanie??) als<br \/>\nSiegerin des Damen -Goldpokals hervortat, etwas sp\u00e4ter war es der amtierende<br \/>\nK\u00f6nig Martin Kramp der sich zum K\u00f6nig der K\u00f6nige scho\u00df.<\/p>\n<p>Gro\u00dfe Freude auch bei den Kindern, alle Jungen und<br \/>\nM\u00e4dchen erhielten eine Teilnahmeurkunde zum Kindersch\u00fctzenfest, die Sieger<br \/>\nder Wettbewerbe konnten sich \u00fcber Sachpreise aus dem Fanshop der DEG freuen.<br \/>\nPassend zum Motto ZOSAMME, hier Brauchtum und Sport, wurden die Preise von<br \/>\nDEG Top-Star Walter K\u00f6berle pers\u00f6nlich \u00fcberreicht.<\/p>\n<p>Einige kritische Stimmen gab es ob der gestiegenen<br \/>\nGetr\u00e4nkepreise, aber daran wird man sich auch bei den Sch\u00fctzen gew\u00f6hnen<br \/>\nm\u00fcssen. Nicht nur die Brauereien haben die Preise anheben m\u00fcssen, auch<br \/>\nKosten f\u00fcr Energie (K\u00fchlung der Getr\u00e4nke), die Personalkosten der Wirte und<br \/>\nVereinswirte, alles wird derzeit deutlich teurer.<\/p>\n<p>ZOSAMME sollten wir aber auch dieses \u201eProblemchen\u201c meistern \u2013 schlie\u00dflich<br \/>\nsteht im Sch\u00fctzenverein nicht das Trinken sondern das Miteinander im<br \/>\nVordergrund. Auch wenn es Spa\u00df macht, endlich mal wieder zu feiern, ein oder<br \/>\nzwei Bierchen weniger sollten wir notfalls verschmerzen k\u00f6nnen.<\/p>\n<p><iframe loading=\"lazy\" title=\"2022 M\u00f6schesonntag in Bilk\" width=\"1440\" height=\"810\" src=\"https:\/\/www.youtube.com\/embed\/3vfxclecDWw?feature=oembed\" frameborder=\"0\" allow=\"accelerometer; autoplay; clipboard-write; encrypted-media; gyroscope; picture-in-picture\" allowfullscreen><\/iframe><\/p>\n<p><span style=\"font-size: 8pt;\">Text, Foto &amp; Video Rene Krombholz<\/span><\/p>\n<\/div>\n","protected":false},"excerpt":{"rendered":"<p>G\u00e4nsehaut pur und so manches verdr\u00fcckte Tr\u00e4nchen, so erging es der Sch\u00fctzenfamilie zu Beginn des M\u00f6schesonntag. Zu den\u00a0 Kl\u00e4ngen der Marschmusik marschierten sie in breiter<span class=\"more-link\"><a href=\"https:\/\/www.schuetzen-bilk.de\/index.php\/2022\/06\/21\/moeschesonntag-2022\/\">Mehr&#8230;<\/a><\/span><\/p>\n","protected":false},"author":1,"featured_media":7489,"comment_status":"closed","ping_status":"closed","sticky":false,"template":"","format":"standard","meta":{"footnotes":""},"categories":[1,50,52,64,43,49,51],"tags":[],"class_list":["entry","author-sebastian-thoene","post-7487","post","type-post","status-publish","format-standard","has-post-thumbnail","category-allgemein","category-ehrungen","category-kompanien","category-moeschesontag","category-schuetzenfest","category-veranstaltungen","category-zosamme"],"_links":{"self":[{"href":"https:\/\/www.schuetzen-bilk.de\/index.php\/wp-json\/wp\/v2\/posts\/7487","targetHints":{"allow":["GET"]}}],"collection":[{"href":"https:\/\/www.schuetzen-bilk.de\/index.php\/wp-json\/wp\/v2\/posts"}],"about":[{"href":"https:\/\/www.schuetzen-bilk.de\/index.php\/wp-json\/wp\/v2\/types\/post"}],"author":[{"embeddable":true,"href":"https:\/\/www.schuetzen-bilk.de\/index.php\/wp-json\/wp\/v2\/users\/1"}],"replies":[{"embeddable":true,"href":"https:\/\/www.schuetzen-bilk.de\/index.php\/wp-json\/wp\/v2\/comments?post=7487"}],"version-history":[{"count":3,"href":"https:\/\/www.schuetzen-bilk.de\/index.php\/wp-json\/wp\/v2\/posts\/7487\/revisions"}],"predecessor-version":[{"id":7493,"href":"https:\/\/www.schuetzen-bilk.de\/index.php\/wp-json\/wp\/v2\/posts\/7487\/revisions\/7493"}],"wp:featuredmedia":[{"embeddable":true,"href":"https:\/\/www.schuetzen-bilk.de\/index.php\/wp-json\/wp\/v2\/media\/7489"}],"wp:attachment":[{"href":"https:\/\/www.schuetzen-bilk.de\/index.php\/wp-json\/wp\/v2\/media?parent=7487"}],"wp:term":[{"taxonomy":"category","embeddable":true,"href":"https:\/\/www.schuetzen-bilk.de\/index.php\/wp-json\/wp\/v2\/categories?post=7487"},{"taxonomy":"post_tag","embeddable":true,"href":"https:\/\/www.schuetzen-bilk.de\/index.php\/wp-json\/wp\/v2\/tags?post=7487"}],"curies":[{"name":"wp","href":"https:\/\/api.w.org\/{rel}","templated":true}]}}