{"id":6967,"date":"2020-07-13T12:35:54","date_gmt":"2020-07-13T10:35:54","guid":{"rendered":"https:\/\/www.schuetzen-bilk.de\/?p=6967"},"modified":"2020-07-13T12:35:54","modified_gmt":"2020-07-13T10:35:54","slug":"absagen-wir-haben-es-uns-nicht-leicht-gemacht","status":"publish","type":"post","link":"https:\/\/www.schuetzen-bilk.de\/index.php\/2020\/07\/13\/absagen-wir-haben-es-uns-nicht-leicht-gemacht\/","title":{"rendered":"Absagen, wir haben es Uns nicht leicht gemacht."},"content":{"rendered":"<p><span style=\"font-family: arial, helvetica, sans-serif; font-size: 14pt;\">Mit einem Kn\u00fcller, n\u00e4mlich der Kultband BRINGS sollte das Jubil\u00e4umssch\u00fctzenfest 2020 starten, dieses war bereits mit 2000 G\u00e4sten nahezu ausverkauft. Dann kam Corona!<\/span><br \/>\n<span style=\"font-family: arial, helvetica, sans-serif; font-size: 14pt;\">\u201eVor einer endg\u00fcltigen Absage steht bei uns immer die Frage: was geht noch?\u201c erkl\u00e4rte Ulrich M\u00fcller am M\u00f6schesonntag 2020 und f\u00e4hrt fort: \u201eSo auch beim Ersatztermin f\u00fcr das Brings-Konzert. Wir m\u00fcssen jetzt die Landesverordnungen im Detail abwarten, um dann zu sehen, was noch machbar ist\u201c<\/span><\/p>\n<p><span style=\"font-family: arial, helvetica, sans-serif; font-size: 14pt;\">Also wurde weiter \u00fcberlegt, Beh\u00f6rden und \u00c4mter kontaktiert, Gesetze und Vorschriften gew\u00e4lzt, am 6.Juli setzte sich dann die Bilk Live Kommission zusammen und der erste Chef, Ulrich M\u00fcller stellte die Ergebnisse vor. <\/span><\/p>\n<p><span style=\"font-family: arial, helvetica, sans-serif; font-size: 14pt;\">Bilk Live im Zelt ist nach der derzeitigen Hygieneverordnung nicht durchf\u00fchrbar. Alternativ steht eine Open Air Veranstaltung zur Debatte, bei dieser sind aber bestimmte Dinge zu bedenken. \u201eDie Besucher haben letztendlich eine \u201eParty\u201c gebucht, das bekommen wir keinesfalls genehmigt. Wenn \u00fcberhaupt, dann nur Sitzpl\u00e4tze in Bl\u00f6cken, St\u00fchle in 10er Reihen, fest und abstandwahrend verbunden. Das Open Air Konzept untersagt auch Getr\u00e4nkeverzehr, aufstehen oder verlassen des Platzes w\u00e4hrend der Veranstaltung, die Besucher der einzelnen Sitzbl\u00f6cke d\u00fcrfen sich nicht vermischen, strikte Kontrollen, Maskenpflicht\u2026.\u201c schilderte der erste Chef dieses Konzept.<\/span><\/p>\n<p><span style=\"font-family: arial, helvetica, sans-serif; font-size: 14pt;\">\u201eNicht so einfach das Ganze!\u201c erg\u00e4nzte der erste Kassierer Bernd Obermeyer. Die Besucher bekommen eine andere Leistung wie gebucht, da brauchen wir die Zustimmung. Zudem m\u00fcssen die Eintrittskarten gegen Platzkarten getauscht und personalisiert, bedeutet mit Namen versehen werden, so will es die Coronaverordnung.\u201c<\/span><\/p>\n<p><span style=\"font-family: arial, helvetica, sans-serif; font-size: 14pt;\">Aber es sollte noch drastischer kommen: \u201eIhr habt so einiges nicht bedacht!\u201c entgegnete??? Michael Faustmann der sich beruflich, wie auch als Chef der D\u00fcsseldorfer Zugleitung, mit Sicherheitskonzepten und Richtlinien befasst. \u201eDazu brauchen wir eine Nutzungs\u00e4nderung f\u00fcr den Sch\u00fctzenplatz, der ist nur f\u00fcr Tr\u00f6delmarkt und Kirmes zugelassen. Bedeutet auch ein neues L\u00e4rmschutz, Feuer-, und Sicherheitskonzept, Fluchtwege, Beschilderung, ca. 45 Ordner, zus\u00e4tzliche WC\u2019s, Sanit\u00e4rstationen\u2026\u2026Einschulung aller Ordnungskr\u00e4fte f\u00fcr den Fall diverser Gefahrenlagen wie Wetter, Feuer, Paniksituation usw.\u201c <\/span><br \/>\n<span style=\"font-family: arial, helvetica, sans-serif; font-size: 14pt;\">\u201ezus\u00e4tzliche B\u00fchne, Sicherheitszonen, Beleuchtungs-, und Beschallungsanlagen\u201c fuhr Dirk Pohl als Veranstaltungstechniker fort und machte darauf aufmerksam das hier auch Stra\u00dfensperrungen vorgenommen werden m\u00fcssen. \u201eDas betrifft nicht nur das Hotel und die Anlieger Urbierstra\u00dfe sondern auch den Parkplatz des Discounters Lidl\u201c <\/span><br \/>\n<span style=\"font-family: arial, helvetica, sans-serif; font-size: 14pt;\">Es wurde viel und lebhaft diskutiert, ja machbar ist das alles, wenn auch unter schwierigen Bedingungen. Als dann aber die Mehrkosten zur Sprache kamen, stand der einstimmige Entschluss schnell fest. Bei einer Summe von rund 50.000 \u20acuro an zus\u00e4tzlichen Kosten konnte keine andere Entscheidung gef\u00e4llt werden.<\/span><br \/>\n<span style=\"font-family: arial, helvetica, sans-serif; font-size: 14pt;\">Alle Eintrittskarten k\u00f6nnen bis zum 19.09.2020 zur\u00fcckgegeben werden, die Gelder werden erstattet.<\/span><\/p>\n<p><span style=\"font-family: arial, helvetica, sans-serif; font-size: 14pt;\">\u00c4hnlich auch die Entscheidung f\u00fcr den Jubil\u00e4umsball. <\/span><br \/>\n<span style=\"font-family: arial, helvetica, sans-serif; font-size: 14pt;\">Auf Grund der einzuhaltenden Abstandregelungen w\u00fcrde f\u00fcr die zu erwartende Besucherzahl eine Zeltgr\u00f6\u00dfe ben\u00f6tigt, die auf unserem Sch\u00fctzenplatz nicht unterzubringen ist. Bei einer deutlich reduzierten Zahl der G\u00e4ste, w\u00e4re das Ganze dann wirtschaftlich f\u00fcr den Zeltwirt ein Desaster, zumal es auch keine Zusatzveranstaltung gibt. \u201eAbgesehen von der Frage, ob wir \u00fcberhaupt eine Genehmigung bekommen w\u00fcrden, 70% der Besucher z\u00e4hlen n\u00e4mlich zur Risikogruppe!\u201c\u00a0 so Ulrich M\u00fcller der an diesem Abend ziemlich geknickt wirkte.\u00a0 \u201eEs f\u00e4llt mir schwer, unseren Kameraden so etwas mitteilen zu m\u00fcssen. Hoffen wir, das es 2021 besser wird!<br \/>\n<\/span><br \/>\n<span style=\"font-family: arial, helvetica, sans-serif; font-size: 14pt;\">Dem ist nichts hinzuzuf\u00fcgen\u2026\u2026<\/span><\/p>\n<p>&nbsp;<\/p>\n<p>&nbsp;<\/p>\n","protected":false},"excerpt":{"rendered":"<p>Mit einem Kn\u00fcller, n\u00e4mlich der Kultband BRINGS sollte das Jubil\u00e4umssch\u00fctzenfest 2020 starten, dieses war bereits mit 2000 G\u00e4sten nahezu ausverkauft. Dann kam Corona! \u201eVor einer<span class=\"more-link\"><a href=\"https:\/\/www.schuetzen-bilk.de\/index.php\/2020\/07\/13\/absagen-wir-haben-es-uns-nicht-leicht-gemacht\/\">Mehr&#8230;<\/a><\/span><\/p>\n","protected":false},"author":1,"featured_media":2646,"comment_status":"closed","ping_status":"closed","sticky":false,"template":"","format":"standard","meta":{"footnotes":""},"categories":[48,55,45,43,49],"tags":[],"class_list":["entry","author-sebastian-thoene","post-6967","post","type-post","status-publish","format-standard","has-post-thumbnail","category-bilk-live","category-covid-19","category-kroenungsball-fruehschoppe","category-schuetzenfest","category-veranstaltungen"],"_links":{"self":[{"href":"https:\/\/www.schuetzen-bilk.de\/index.php\/wp-json\/wp\/v2\/posts\/6967","targetHints":{"allow":["GET"]}}],"collection":[{"href":"https:\/\/www.schuetzen-bilk.de\/index.php\/wp-json\/wp\/v2\/posts"}],"about":[{"href":"https:\/\/www.schuetzen-bilk.de\/index.php\/wp-json\/wp\/v2\/types\/post"}],"author":[{"embeddable":true,"href":"https:\/\/www.schuetzen-bilk.de\/index.php\/wp-json\/wp\/v2\/users\/1"}],"replies":[{"embeddable":true,"href":"https:\/\/www.schuetzen-bilk.de\/index.php\/wp-json\/wp\/v2\/comments?post=6967"}],"version-history":[{"count":2,"href":"https:\/\/www.schuetzen-bilk.de\/index.php\/wp-json\/wp\/v2\/posts\/6967\/revisions"}],"predecessor-version":[{"id":6969,"href":"https:\/\/www.schuetzen-bilk.de\/index.php\/wp-json\/wp\/v2\/posts\/6967\/revisions\/6969"}],"wp:featuredmedia":[{"embeddable":true,"href":"https:\/\/www.schuetzen-bilk.de\/index.php\/wp-json\/wp\/v2\/media\/2646"}],"wp:attachment":[{"href":"https:\/\/www.schuetzen-bilk.de\/index.php\/wp-json\/wp\/v2\/media?parent=6967"}],"wp:term":[{"taxonomy":"category","embeddable":true,"href":"https:\/\/www.schuetzen-bilk.de\/index.php\/wp-json\/wp\/v2\/categories?post=6967"},{"taxonomy":"post_tag","embeddable":true,"href":"https:\/\/www.schuetzen-bilk.de\/index.php\/wp-json\/wp\/v2\/tags?post=6967"}],"curies":[{"name":"wp","href":"https:\/\/api.w.org\/{rel}","templated":true}]}}