{"id":6817,"date":"2020-06-12T15:00:19","date_gmt":"2020-06-12T13:00:19","guid":{"rendered":"https:\/\/www.schuetzen-bilk.de\/?p=6817"},"modified":"2020-06-17T10:17:06","modified_gmt":"2020-06-17T08:17:06","slug":"historische-bilker-pferdetraenke","status":"publish","type":"post","link":"https:\/\/www.schuetzen-bilk.de\/index.php\/2020\/06\/12\/historische-bilker-pferdetraenke\/","title":{"rendered":"Historische Bilker Pferdetr\u00e4nke"},"content":{"rendered":"<p><span style=\"font-family: arial, helvetica, sans-serif; font-size: 14pt;\"><img loading=\"lazy\" decoding=\"async\" class=\" wp-image-6819 alignleft\" src=\"https:\/\/www.schuetzen-bilk.de\/wp-content\/uploads\/2020\/06\/Pferdetr\u00e4nke-300x200.jpg\" alt=\"\" width=\"312\" height=\"209\" srcset=\"https:\/\/www.schuetzen-bilk.de\/wp-content\/uploads\/2020\/06\/Pferdetr\u00e4nke-300x200.jpg 300w, https:\/\/www.schuetzen-bilk.de\/wp-content\/uploads\/2020\/06\/Pferdetr\u00e4nke-1024x682.jpg 1024w, https:\/\/www.schuetzen-bilk.de\/wp-content\/uploads\/2020\/06\/Pferdetr\u00e4nke-768x512.jpg 768w, https:\/\/www.schuetzen-bilk.de\/wp-content\/uploads\/2020\/06\/Pferdetr\u00e4nke-1536x1023.jpg 1536w, https:\/\/www.schuetzen-bilk.de\/wp-content\/uploads\/2020\/06\/Pferdetr\u00e4nke-465x310.jpg 465w, https:\/\/www.schuetzen-bilk.de\/wp-content\/uploads\/2020\/06\/Pferdetr\u00e4nke-695x463.jpg 695w, https:\/\/www.schuetzen-bilk.de\/wp-content\/uploads\/2020\/06\/Pferdetr\u00e4nke.jpg 1600w\" sizes=\"auto, (max-width: 312px) 100vw, 312px\" \/>Auch wenn die Festivit\u00e4ten zum 575. Geburtstag \/ Jubil\u00e4umssch\u00fctzenfest der<br \/>\nBilker Sch\u00fctzen <\/span><span style=\"font-family: arial, helvetica, sans-serif; font-size: 14pt;\">wegen Corona abgesagt werden musste, viele der Aufgaben,<br \/>\nwelche sich die Sch\u00fctzen mit ihrem sozialen Engagement auf die Fahnen<br \/>\ngeschrieben haben bleiben.<br \/>\n<\/span><br \/>\n<span style=\"font-family: arial, helvetica, sans-serif; font-size: 14pt;\">So hatte sich Oberst Michael Kohn am Freitag den 12. Juni mit einigen<br \/>\nKameraden des Bilker Offizier Corps auf den Weg zu den D\u00fcsseldorf Arkaden<br \/>\ngemacht. Ganz ungewohnt, mit Putzeimern, Dampfstrahlger\u00e4t, B\u00fcrsten und<br \/>\nPutzlappen waren sie gekommen um sich der alten Pferdetr\u00e4nke anzunehmen.<\/span><\/p>\n<p>&nbsp;<\/p>\n<p><strong><span style=\"font-family: arial, helvetica, sans-serif; font-size: 14pt;\">Zur Erinnerung<\/span><\/strong><\/p>\n<p><span style=\"font-family: arial, helvetica, sans-serif; font-size: 14pt;\">Im Mai 2017 war die Neugestaltung des Tunnelbereichs am Bilker Bahnhof ist weitgehend abgeschlossen. Passend hierzu wurde ein \u00dcberbleibsel des historischen Bahnhofs wiederhergestellt: bis ca. 1950 stand dort eine alte Pferdetr\u00e4nke. Sie diente den Pferden, die dann weiter die Rampe zum Bilker G\u00fcterbahnhof herauf mussten, als Rastplatz und Trinkplatz. Ebenso wurden die Vierbeiner der Pferdebahn, deren Linie hier entlangf\u00fchrte, versorgt.<\/span><br \/>\n<span style=\"font-family: arial, helvetica, sans-serif; font-size: 14pt;\">2015 wurde diese Tr\u00e4nke im Stra\u00dfenbauamt in Kaiserswerth entdeckt. Als ein \u00dcberbleibsel fr\u00fcherer Zeiten lag sie \u00fcber Jahre, der Witterung offen ausgesetzt, auf dem Bauhof herum. Bis die Bezirksvertretung III mit Walter Schmidt an der Spitze aktiv wurde und das geschichtstr\u00e4chtige St\u00fcck aus eigenen Mittel restaurieren lie\u00df.<\/span><br \/>\n<span style=\"font-family: arial, helvetica, sans-serif; font-size: 14pt;\">Das Offizierskorps der Bilker Sch\u00fctzen ist nicht nur der Heimat verbunden, sondern auch den Pferden. Aus der Tradition heraus hatte das Corps die Patenschaft der restaurierten Pferdetr\u00e4nke \u00fcbernommen.<br \/>\n<\/span><br \/>\n<span style=\"font-family: arial, helvetica, sans-serif; font-size: 14pt;\">Es war ein ganzes St\u00fcck harter Arbeit und einige Stunden waren notwendig, um dieses Prachtst\u00fcck von Ru\u00df und witterungsbedingten Ablagerungen zu reinigen. Jetzt erstrahlt das Prachtst\u00fcck erneut im alten Glanz und erfreut die B\u00fcrger.<\/span><\/p>\n<p><span style=\"font-size: 10pt;\">Ein Textbeitrag mit Foto &amp; Video von: Ren\u00e8 Krombholz<\/span><\/p>\n<p>https:\/\/www.facebook.com\/BilkerSchuetzen\/videos\/264501998119581\/<\/p>\n","protected":false},"excerpt":{"rendered":"<p>Auch wenn die Festivit\u00e4ten zum 575. Geburtstag \/ Jubil\u00e4umssch\u00fctzenfest der Bilker Sch\u00fctzen wegen Corona abgesagt werden musste, viele der Aufgaben, welche sich die Sch\u00fctzen mit<span class=\"more-link\"><a href=\"https:\/\/www.schuetzen-bilk.de\/index.php\/2020\/06\/12\/historische-bilker-pferdetraenke\/\">Mehr&#8230;<\/a><\/span><\/p>\n","protected":false},"author":1,"featured_media":6819,"comment_status":"closed","ping_status":"closed","sticky":false,"template":"","format":"standard","meta":{"footnotes":""},"categories":[1,43,51],"tags":[],"class_list":["entry","author-sebastian-thoene","post-6817","post","type-post","status-publish","format-standard","has-post-thumbnail","category-allgemein","category-schuetzenfest","category-zosamme"],"_links":{"self":[{"href":"https:\/\/www.schuetzen-bilk.de\/index.php\/wp-json\/wp\/v2\/posts\/6817","targetHints":{"allow":["GET"]}}],"collection":[{"href":"https:\/\/www.schuetzen-bilk.de\/index.php\/wp-json\/wp\/v2\/posts"}],"about":[{"href":"https:\/\/www.schuetzen-bilk.de\/index.php\/wp-json\/wp\/v2\/types\/post"}],"author":[{"embeddable":true,"href":"https:\/\/www.schuetzen-bilk.de\/index.php\/wp-json\/wp\/v2\/users\/1"}],"replies":[{"embeddable":true,"href":"https:\/\/www.schuetzen-bilk.de\/index.php\/wp-json\/wp\/v2\/comments?post=6817"}],"version-history":[{"count":6,"href":"https:\/\/www.schuetzen-bilk.de\/index.php\/wp-json\/wp\/v2\/posts\/6817\/revisions"}],"predecessor-version":[{"id":6825,"href":"https:\/\/www.schuetzen-bilk.de\/index.php\/wp-json\/wp\/v2\/posts\/6817\/revisions\/6825"}],"wp:featuredmedia":[{"embeddable":true,"href":"https:\/\/www.schuetzen-bilk.de\/index.php\/wp-json\/wp\/v2\/media\/6819"}],"wp:attachment":[{"href":"https:\/\/www.schuetzen-bilk.de\/index.php\/wp-json\/wp\/v2\/media?parent=6817"}],"wp:term":[{"taxonomy":"category","embeddable":true,"href":"https:\/\/www.schuetzen-bilk.de\/index.php\/wp-json\/wp\/v2\/categories?post=6817"},{"taxonomy":"post_tag","embeddable":true,"href":"https:\/\/www.schuetzen-bilk.de\/index.php\/wp-json\/wp\/v2\/tags?post=6817"}],"curies":[{"name":"wp","href":"https:\/\/api.w.org\/{rel}","templated":true}]}}