{"id":6809,"date":"2020-06-14T11:00:51","date_gmt":"2020-06-14T09:00:51","guid":{"rendered":"https:\/\/www.schuetzen-bilk.de\/?p=6809"},"modified":"2020-06-14T11:00:51","modified_gmt":"2020-06-14T09:00:51","slug":"moeschesonntag-2020","status":"publish","type":"post","link":"https:\/\/www.schuetzen-bilk.de\/index.php\/2020\/06\/14\/moeschesonntag-2020\/","title":{"rendered":"M\u00f6schesonntag 2020"},"content":{"rendered":"<p>Die Ank\u00fcndigung des bevorstehenden Sch\u00fctzenfestes geschieht am Sonntag vor dem Sch\u00fctzenfest. Die M\u00f6sch wird, vom Vereinslokal der K\u00f6nigskompanie aus, auf den Marsch durch den Stadtteil geschickt. Unter Begleitung von Musik und Fahnen geht es zum Treffpunkt der Sch\u00fctzenfamilie um die frohe Nachricht zu verk\u00fcnden.<br \/>\nDieses Jahr aus den bekannten Gr\u00fcnden leider nicht \u2013 2020 erinnern wir uns an fr\u00fchere Zeiten.<\/p>\n<p>https:\/\/www.facebook.com\/BilkerSchuetzen\/videos\/266092391120199\/<\/p>\n","protected":false},"excerpt":{"rendered":"<p>Die Ank\u00fcndigung des bevorstehenden Sch\u00fctzenfestes geschieht am Sonntag vor dem Sch\u00fctzenfest. Die M\u00f6sch wird, vom Vereinslokal der K\u00f6nigskompanie aus, auf den Marsch durch den Stadtteil<span class=\"more-link\"><a href=\"https:\/\/www.schuetzen-bilk.de\/index.php\/2020\/06\/14\/moeschesonntag-2020\/\">Mehr&#8230;<\/a><\/span><\/p>\n","protected":false},"author":1,"featured_media":6740,"comment_status":"closed","ping_status":"closed","sticky":false,"template":"","format":"standard","meta":{"footnotes":""},"categories":[1],"tags":[],"class_list":["entry","author-sebastian-thoene","post-6809","post","type-post","status-publish","format-standard","has-post-thumbnail","category-allgemein"],"_links":{"self":[{"href":"https:\/\/www.schuetzen-bilk.de\/index.php\/wp-json\/wp\/v2\/posts\/6809","targetHints":{"allow":["GET"]}}],"collection":[{"href":"https:\/\/www.schuetzen-bilk.de\/index.php\/wp-json\/wp\/v2\/posts"}],"about":[{"href":"https:\/\/www.schuetzen-bilk.de\/index.php\/wp-json\/wp\/v2\/types\/post"}],"author":[{"embeddable":true,"href":"https:\/\/www.schuetzen-bilk.de\/index.php\/wp-json\/wp\/v2\/users\/1"}],"replies":[{"embeddable":true,"href":"https:\/\/www.schuetzen-bilk.de\/index.php\/wp-json\/wp\/v2\/comments?post=6809"}],"version-history":[{"count":2,"href":"https:\/\/www.schuetzen-bilk.de\/index.php\/wp-json\/wp\/v2\/posts\/6809\/revisions"}],"predecessor-version":[{"id":6811,"href":"https:\/\/www.schuetzen-bilk.de\/index.php\/wp-json\/wp\/v2\/posts\/6809\/revisions\/6811"}],"wp:featuredmedia":[{"embeddable":true,"href":"https:\/\/www.schuetzen-bilk.de\/index.php\/wp-json\/wp\/v2\/media\/6740"}],"wp:attachment":[{"href":"https:\/\/www.schuetzen-bilk.de\/index.php\/wp-json\/wp\/v2\/media?parent=6809"}],"wp:term":[{"taxonomy":"category","embeddable":true,"href":"https:\/\/www.schuetzen-bilk.de\/index.php\/wp-json\/wp\/v2\/categories?post=6809"},{"taxonomy":"post_tag","embeddable":true,"href":"https:\/\/www.schuetzen-bilk.de\/index.php\/wp-json\/wp\/v2\/tags?post=6809"}],"curies":[{"name":"wp","href":"https:\/\/api.w.org\/{rel}","templated":true}]}}