{"id":5682,"date":"2019-06-25T12:03:59","date_gmt":"2019-06-25T10:03:59","guid":{"rendered":"https:\/\/www.schuetzen-bilk.de\/?p=5682"},"modified":"2020-01-08T12:19:07","modified_gmt":"2020-01-08T11:19:07","slug":"schuetzenfest-montag-2019","status":"publish","type":"post","link":"https:\/\/www.schuetzen-bilk.de\/index.php\/2019\/06\/25\/schuetzenfest-montag-2019\/","title":{"rendered":"Sch\u00fctzenfest Montag 2019"},"content":{"rendered":"<p><span style=\"font-size: 14pt;\">Am Montag konnte die St. Sebastianer traditionsgem\u00e4\u00df zahlreiche Senioren aus den Bilker Einrichtungen begr\u00fc\u00dfen und mit Kaffee und Kuchen bewirten. Das Programm aus eigenen Reihen, initiiert vom J\u00e4gerbataillon, brachte den G\u00e4sten Freude und Abwechslung. Hoch her ging es dann sp\u00e4ter im Festzelt beim Ball der Kompaniek\u00f6nigspaare.<\/span><\/p>\n<p>&nbsp;<\/p>\n<p><span style=\"font-size: 14pt;\">Geehrt wurden im Laufe des Abends die Sieger des Regimentspokals, Franz Ketzer Pokal, Gold &amp; Damenpokal so wie die Sieger des B\u00fcrgervogels.<\/span><\/p>\n<p>&nbsp;<\/p>\n<p><span style=\"font-size: 14pt;\">Die K\u00f6lner Band De Bajaasch brachte noch zu sp\u00e4ter Stunde das Zelt zum Kochen.<\/span><\/p>\n<p><span style=\"font-size: 12pt;\">Rene Krombholz<\/span><\/p>\n<p>&nbsp;<\/p>\n<p>&nbsp;<\/p>\n<div class=\"embedsocial-album\" data-ref=\"21dd7fa7746ad3f326aa9c91e8eabfc8024f8e1e\">&nbsp;<\/div>\n<p><script>(function(d, s, id){var js; if (d.getElementById(id)) {return;} js = d.createElement(s); js.id = id; js.src = \"https:\/\/embedsocial.com\/embedscript\/ei.js\"; d.getElementsByTagName(\"head\")[0].appendChild(js);}(document, \"script\", \"EmbedSocialScript\"));<\/script><\/p>\n","protected":false},"excerpt":{"rendered":"<p>Am Montag konnte die St. Sebastianer traditionsgem\u00e4\u00df zahlreiche Senioren aus den Bilker Einrichtungen begr\u00fc\u00dfen und mit Kaffee und Kuchen bewirten. Das Programm aus eigenen Reihen,<span class=\"more-link\"><a href=\"https:\/\/www.schuetzen-bilk.de\/index.php\/2019\/06\/25\/schuetzenfest-montag-2019\/\">Mehr&#8230;<\/a><\/span><\/p>\n","protected":false},"author":1,"featured_media":5681,"comment_status":"closed","ping_status":"closed","sticky":false,"template":"","format":"standard","meta":{"footnotes":""},"categories":[1,43],"tags":[],"class_list":["entry","author-sebastian-thoene","post-5682","post","type-post","status-publish","format-standard","has-post-thumbnail","category-allgemein","category-schuetzenfest"],"_links":{"self":[{"href":"https:\/\/www.schuetzen-bilk.de\/index.php\/wp-json\/wp\/v2\/posts\/5682","targetHints":{"allow":["GET"]}}],"collection":[{"href":"https:\/\/www.schuetzen-bilk.de\/index.php\/wp-json\/wp\/v2\/posts"}],"about":[{"href":"https:\/\/www.schuetzen-bilk.de\/index.php\/wp-json\/wp\/v2\/types\/post"}],"author":[{"embeddable":true,"href":"https:\/\/www.schuetzen-bilk.de\/index.php\/wp-json\/wp\/v2\/users\/1"}],"replies":[{"embeddable":true,"href":"https:\/\/www.schuetzen-bilk.de\/index.php\/wp-json\/wp\/v2\/comments?post=5682"}],"version-history":[{"count":1,"href":"https:\/\/www.schuetzen-bilk.de\/index.php\/wp-json\/wp\/v2\/posts\/5682\/revisions"}],"predecessor-version":[{"id":6613,"href":"https:\/\/www.schuetzen-bilk.de\/index.php\/wp-json\/wp\/v2\/posts\/5682\/revisions\/6613"}],"wp:featuredmedia":[{"embeddable":true,"href":"https:\/\/www.schuetzen-bilk.de\/index.php\/wp-json\/wp\/v2\/media\/5681"}],"wp:attachment":[{"href":"https:\/\/www.schuetzen-bilk.de\/index.php\/wp-json\/wp\/v2\/media?parent=5682"}],"wp:term":[{"taxonomy":"category","embeddable":true,"href":"https:\/\/www.schuetzen-bilk.de\/index.php\/wp-json\/wp\/v2\/categories?post=5682"},{"taxonomy":"post_tag","embeddable":true,"href":"https:\/\/www.schuetzen-bilk.de\/index.php\/wp-json\/wp\/v2\/tags?post=5682"}],"curies":[{"name":"wp","href":"https:\/\/api.w.org\/{rel}","templated":true}]}}