{"id":4967,"date":"2018-11-23T14:27:24","date_gmt":"2018-11-23T13:27:24","guid":{"rendered":"https:\/\/www.schuetzen-bilk.de\/?p=4967"},"modified":"2020-01-08T14:34:02","modified_gmt":"2020-01-08T13:34:02","slug":"sonderpreis-bei-der-martinslampenaussstellung","status":"publish","type":"post","link":"https:\/\/www.schuetzen-bilk.de\/index.php\/2018\/11\/23\/sonderpreis-bei-der-martinslampenaussstellung\/","title":{"rendered":"Sonderpreis bei der Martinslampenaussstellung"},"content":{"rendered":"<p>Lieber Sch\u00fctzenchef, liebe Sch\u00fctzen,<\/p>\n<p>wir m\u00f6chten uns herzlichst bei Ihnen bedanken \u00fcber den Sonderpreis f\u00fcr Gruppen bei der Martinslampenaussstellung.<\/p>\n<p>Wir als katholischer Kindergarten sind immer bem\u00fcht, dass unsere Kinder Laternen basteln, die auch thematisch zum Martinsfest geh\u00f6ren und dieser Preis best\u00e4rkt uns darin.<\/p>\n<p>Also nochmals viele lieben Dank und wir werden das Geld f\u00fcr neues\u00a0 Batelmaterial verwenden.<\/p>\n<p>Die Fotos sollen unsere Freude zeigen . \ud83d\ude42<\/p>\n<p>Viele Gr\u00fc\u00dfe<\/p>\n<p>Martina Obermeyer<\/p>\n<p><strong>Kath. Kita St. Peter<\/strong><br \/>\n<em>Talstra\u00dfe 65<br \/>\n40217 D\u00fcsseldorf<\/em><\/p>\n<p><img loading=\"lazy\" decoding=\"async\" class=\"alignnone wp-image-4966\" src=\"https:\/\/www.schuetzen-bilk.de\/wp-content\/uploads\/2017\/10\/Kita_martin_2018-1.jpg\" alt=\"\" width=\"800\" height=\"801\" srcset=\"https:\/\/www.schuetzen-bilk.de\/wp-content\/uploads\/2017\/10\/Kita_martin_2018-1.jpg 1127w, https:\/\/www.schuetzen-bilk.de\/wp-content\/uploads\/2017\/10\/Kita_martin_2018-1-300x300.jpg 300w, https:\/\/www.schuetzen-bilk.de\/wp-content\/uploads\/2017\/10\/Kita_martin_2018-1-1024x1024.jpg 1024w, https:\/\/www.schuetzen-bilk.de\/wp-content\/uploads\/2017\/10\/Kita_martin_2018-1-150x150.jpg 150w, https:\/\/www.schuetzen-bilk.de\/wp-content\/uploads\/2017\/10\/Kita_martin_2018-1-768x769.jpg 768w\" sizes=\"auto, (max-width: 800px) 100vw, 800px\" \/><\/p>\n<p>&nbsp;<\/p>\n<p>Der Vorstand des Bilker Sch\u00fctzenvereins hat sich sehr \u00fcber die Dankesmail gefreut.<\/p>\n<p>Wir wollen mit dem Preis zum Ausdruck bringen, das die Tradition des Martinsfestes mehr in den Vordergrund gestellt wird. Deshalb wird der Preis auch an die Kinderg\u00e4rten und Grundschulen vergeben die die meisten Martinslampen mit Motiven zum Martinsfest basteln.<\/p>\n<p>Hiermit soll bezweckt werden, dass wir kein Lichter- oder Lampenfest feiern und auch keinen Sonne-, Mond- und Sternezug durchf\u00fchren.<\/p>\n<p>Ulrich M\u00fcller<\/p>\n<p>1.Chef<\/p>\n","protected":false},"excerpt":{"rendered":"<p>Lieber Sch\u00fctzenchef, liebe Sch\u00fctzen, wir m\u00f6chten uns herzlichst bei Ihnen bedanken \u00fcber den Sonderpreis f\u00fcr Gruppen bei der Martinslampenaussstellung. Wir als katholischer Kindergarten sind immer<span class=\"more-link\"><a href=\"https:\/\/www.schuetzen-bilk.de\/index.php\/2018\/11\/23\/sonderpreis-bei-der-martinslampenaussstellung\/\">Mehr&#8230;<\/a><\/span><\/p>\n","protected":false},"author":1,"featured_media":4966,"comment_status":"closed","ping_status":"closed","sticky":false,"template":"","format":"standard","meta":{"footnotes":""},"categories":[1,51],"tags":[],"class_list":["entry","author-sebastian-thoene","post-4967","post","type-post","status-publish","format-standard","has-post-thumbnail","category-allgemein","category-zosamme"],"_links":{"self":[{"href":"https:\/\/www.schuetzen-bilk.de\/index.php\/wp-json\/wp\/v2\/posts\/4967","targetHints":{"allow":["GET"]}}],"collection":[{"href":"https:\/\/www.schuetzen-bilk.de\/index.php\/wp-json\/wp\/v2\/posts"}],"about":[{"href":"https:\/\/www.schuetzen-bilk.de\/index.php\/wp-json\/wp\/v2\/types\/post"}],"author":[{"embeddable":true,"href":"https:\/\/www.schuetzen-bilk.de\/index.php\/wp-json\/wp\/v2\/users\/1"}],"replies":[{"embeddable":true,"href":"https:\/\/www.schuetzen-bilk.de\/index.php\/wp-json\/wp\/v2\/comments?post=4967"}],"version-history":[{"count":1,"href":"https:\/\/www.schuetzen-bilk.de\/index.php\/wp-json\/wp\/v2\/posts\/4967\/revisions"}],"predecessor-version":[{"id":6645,"href":"https:\/\/www.schuetzen-bilk.de\/index.php\/wp-json\/wp\/v2\/posts\/4967\/revisions\/6645"}],"wp:featuredmedia":[{"embeddable":true,"href":"https:\/\/www.schuetzen-bilk.de\/index.php\/wp-json\/wp\/v2\/media\/4966"}],"wp:attachment":[{"href":"https:\/\/www.schuetzen-bilk.de\/index.php\/wp-json\/wp\/v2\/media?parent=4967"}],"wp:term":[{"taxonomy":"category","embeddable":true,"href":"https:\/\/www.schuetzen-bilk.de\/index.php\/wp-json\/wp\/v2\/categories?post=4967"},{"taxonomy":"post_tag","embeddable":true,"href":"https:\/\/www.schuetzen-bilk.de\/index.php\/wp-json\/wp\/v2\/tags?post=4967"}],"curies":[{"name":"wp","href":"https:\/\/api.w.org\/{rel}","templated":true}]}}