{"id":4957,"date":"2018-11-22T11:44:24","date_gmt":"2018-11-22T10:44:24","guid":{"rendered":"https:\/\/www.schuetzen-bilk.de\/?p=4957"},"modified":"2020-01-08T14:35:52","modified_gmt":"2020-01-08T13:35:52","slug":"major-carsten-reuner-teilte-zum-ersten-mal-den-martinsmantel","status":"publish","type":"post","link":"https:\/\/www.schuetzen-bilk.de\/index.php\/2018\/11\/22\/major-carsten-reuner-teilte-zum-ersten-mal-den-martinsmantel\/","title":{"rendered":"Major Carsten Reuner teilte zum ersten Mal den Martinsmantel"},"content":{"rendered":"<p><img loading=\"lazy\" decoding=\"async\" class=\"wp-image-4958 aligncenter\" src=\"https:\/\/www.schuetzen-bilk.de\/wp-content\/uploads\/2017\/10\/Kulturerbe_St_Martin-1.png\" alt=\"\" width=\"600\" height=\"273\" srcset=\"https:\/\/www.schuetzen-bilk.de\/wp-content\/uploads\/2017\/10\/Kulturerbe_St_Martin-1.png 1200w, https:\/\/www.schuetzen-bilk.de\/wp-content\/uploads\/2017\/10\/Kulturerbe_St_Martin-1-300x136.png 300w, https:\/\/www.schuetzen-bilk.de\/wp-content\/uploads\/2017\/10\/Kulturerbe_St_Martin-1-1024x465.png 1024w, https:\/\/www.schuetzen-bilk.de\/wp-content\/uploads\/2017\/10\/Kulturerbe_St_Martin-1-768x349.png 768w\" sizes=\"auto, (max-width: 600px) 100vw, 600px\" \/><\/p>\n<p>Es war ein sch\u00f6nes Bild als der traditionelle Bilker Martinszug am Samstag, den<br \/>\n10. November 2018, angef\u00fchrt von dem Bilker Tambourcorps St. Martin in ihren schmucken Uniformen, durch Bilks Stra\u00dfen zog.<\/p>\n<p>Der Weg des Martinszug begann am Siegplatz und ging zur Gladbacher Stra\u00dfe, vorbei am Martinuskrankenhaus. An der Bilker St. Martins-Kirche konnten sich die Kinder des dortigen Lampengottesdienstes einreihen und von dort die geschm\u00fcckte Lorettostra\u00dfe passieren. Der Zug schwenkte in die Wilhelm-Tell-Stra\u00dfe ein, um die Bewohner des Altenheims Sankt Martin zu begr\u00fc\u00dfen, die bereits erwartungsfroh vor dem Haus warteten. Weiter ging es \u00fcber die Neusser Stra\u00dfe, um \u00fcber die Weiherstra\u00dfe und Konkordiastra\u00dfe die Bilker Allee zu erreichen. An der Florastra\u00dfe empfing den Martinszug das festliche Gel\u00e4ut der Friedenskirche. Anschlie\u00dfend erreichten die Teilnehmer den Schulhof der GGS Kronprinzenstra\u00dfe, wo die Mantelteilung stattfand.<\/p>\n<p>Die Darsteller und ihre Begleiter auf den Pferden sind ausnahmslos Offiziere des Bilker Sch\u00fctzenregimentes, die alle erfahrene Reiter sind. Martin Kramp stellt seit 21 Jahren des Bischof Martin dar. Nach dem tragischen\u00a0 Tod unseres guten Freundes Heinz-Dieter Segebarth ist in diesem Jahr erstmalig Carsten Reuner als Ritterdarsteller geritten und hat mit dem Bettler, unserem Vorstandsmitglied Matias Steinigk, den Martinsmantel geteilt. Trotz Lampenfieber hat Carsten seine Sache sehr gut gemacht.<\/p>\n<p>Die Sicherung unseres Martinszuges ist seit Jahrzehnten ein gro\u00dfes Anliegen des Vorstandes, als Sicherheit beim Martinszug noch kaum ein Thema war. So begleiten uns Polizei und der ASB mit 2 Rettungskr\u00e4ften und Sanit\u00e4tswagen, Ordner mit Warnwesten und Wachsfackeln sind dabei. Gro\u00dfe Hilfe erfahren wir durch die Verkehrskadetten. Durch moderne Sprechfunkger\u00e4te k\u00f6nnen der Zugleiter und seine Helfer stets auf neue Situationen reagieren und den Martinszug sicher durch Bilks Stra\u00dfen dirigieren.<\/p>\n<p>Wir bedanken uns herzlich, dass wir auch in diesem Jahr wieder beim Kr\u00f6nungsball am 29. Sept. eine Sammlung durchf\u00fchren durften, die das gute Spendenergebnis von \u20ac 736,74 erbrachte. Aber auch f\u00fcr die praktischen Hilfen der Bilker Sch\u00fctzen aller Altersklassen, voran der Sch\u00fctzenchef Ulrich M\u00fcller und besonders der Jungsch\u00fctzen, im Sinne der Aktion \u201eZOSAMME\u201c bedanken wir uns und bitten, uns auch zuk\u00fcnftig zu unterst\u00fctzen.<\/p>\n<p>&nbsp;<\/p>\n<p><a href=\"http:\/\/www.martinsfreunde.de\/\" target=\"_blank\" rel=\"noopener noreferrer\">MARTINSFREUNDE BILK E.V.<\/a><\/p>\n<p>D\u00dcSSELDORF<\/p>\n<p>Klaus-Dieter M\u00f6hle, 1. Vorsitzender<\/p>\n","protected":false},"excerpt":{"rendered":"<p>Es war ein sch\u00f6nes Bild als der traditionelle Bilker Martinszug am Samstag, den 10. November 2018, angef\u00fchrt von dem Bilker Tambourcorps St. Martin in ihren<span class=\"more-link\"><a href=\"https:\/\/www.schuetzen-bilk.de\/index.php\/2018\/11\/22\/major-carsten-reuner-teilte-zum-ersten-mal-den-martinsmantel\/\">Mehr&#8230;<\/a><\/span><\/p>\n","protected":false},"author":1,"featured_media":4958,"comment_status":"closed","ping_status":"closed","sticky":false,"template":"","format":"standard","meta":{"footnotes":""},"categories":[1,51],"tags":[],"class_list":["entry","author-sebastian-thoene","post-4957","post","type-post","status-publish","format-standard","has-post-thumbnail","category-allgemein","category-zosamme"],"_links":{"self":[{"href":"https:\/\/www.schuetzen-bilk.de\/index.php\/wp-json\/wp\/v2\/posts\/4957","targetHints":{"allow":["GET"]}}],"collection":[{"href":"https:\/\/www.schuetzen-bilk.de\/index.php\/wp-json\/wp\/v2\/posts"}],"about":[{"href":"https:\/\/www.schuetzen-bilk.de\/index.php\/wp-json\/wp\/v2\/types\/post"}],"author":[{"embeddable":true,"href":"https:\/\/www.schuetzen-bilk.de\/index.php\/wp-json\/wp\/v2\/users\/1"}],"replies":[{"embeddable":true,"href":"https:\/\/www.schuetzen-bilk.de\/index.php\/wp-json\/wp\/v2\/comments?post=4957"}],"version-history":[{"count":1,"href":"https:\/\/www.schuetzen-bilk.de\/index.php\/wp-json\/wp\/v2\/posts\/4957\/revisions"}],"predecessor-version":[{"id":6646,"href":"https:\/\/www.schuetzen-bilk.de\/index.php\/wp-json\/wp\/v2\/posts\/4957\/revisions\/6646"}],"wp:featuredmedia":[{"embeddable":true,"href":"https:\/\/www.schuetzen-bilk.de\/index.php\/wp-json\/wp\/v2\/media\/4958"}],"wp:attachment":[{"href":"https:\/\/www.schuetzen-bilk.de\/index.php\/wp-json\/wp\/v2\/media?parent=4957"}],"wp:term":[{"taxonomy":"category","embeddable":true,"href":"https:\/\/www.schuetzen-bilk.de\/index.php\/wp-json\/wp\/v2\/categories?post=4957"},{"taxonomy":"post_tag","embeddable":true,"href":"https:\/\/www.schuetzen-bilk.de\/index.php\/wp-json\/wp\/v2\/tags?post=4957"}],"curies":[{"name":"wp","href":"https:\/\/api.w.org\/{rel}","templated":true}]}}