{"id":4858,"date":"2018-10-03T09:46:48","date_gmt":"2018-10-03T07:46:48","guid":{"rendered":"https:\/\/www.schuetzen-bilk.de\/?p=4858"},"modified":"2020-01-08T14:44:57","modified_gmt":"2020-01-08T13:44:57","slug":"kroenungsball-2018","status":"publish","type":"post","link":"https:\/\/www.schuetzen-bilk.de\/index.php\/2018\/10\/03\/kroenungsball-2018\/","title":{"rendered":"Kr\u00f6nungsball 2018"},"content":{"rendered":"<p>Das war wirklich fein gemacht! \u00a0Neue bequeme Bestuhlung, an den W\u00e4nden vergr\u00f6\u00dferte Archivbilder, tolle Dekoration! So konnte der erste Chef Ulrich M\u00fcller im Galafestzelt zahlreiche Kameraden und viele (Ehren)G\u00e4ste aus der Landeshauptstadt zum diesj\u00e4hrigen Regimentskr\u00f6nungsball begr\u00fc\u00dfen. In seiner Er\u00f6ffnungsrede kritisierte er erneut die Schwierigkeiten, welche dem Brauchtum durch Vorschriften und Konzepte aller Art in den Weg gelegt werden.<\/p>\n<p><img loading=\"lazy\" decoding=\"async\" class=\"wp-image-4865 alignleft\" src=\"https:\/\/www.schuetzen-bilk.de\/wp-content\/uploads\/2018\/10\/Kr\u00f6nungsball_2018_1-1.jpg\" alt=\"\" width=\"297\" height=\"198\" srcset=\"https:\/\/www.schuetzen-bilk.de\/wp-content\/uploads\/2018\/10\/Kr\u00f6nungsball_2018_1-1.jpg 800w, https:\/\/www.schuetzen-bilk.de\/wp-content\/uploads\/2018\/10\/Kr\u00f6nungsball_2018_1-1-300x200.jpg 300w, https:\/\/www.schuetzen-bilk.de\/wp-content\/uploads\/2018\/10\/Kr\u00f6nungsball_2018_1-1-768x513.jpg 768w\" sizes=\"auto, (max-width: 297px) 100vw, 297px\" \/>Oberb\u00fcrgermeister Thomas Geisel \u00fcberreichte die Stadtorden.\u00a0 Zuvor hatte er das ehrenamtliche Engagement als in der heutigen Zeit als unerl\u00e4sslich bezeichnet. \u00dcber den Standorten freuten sich:<\/p>\n<p>J\u00fcrgen Lobert\u00a0\u00a0\u00a0\u00a0\u00a0\u00a0\u00a0\u00a0\u00a0\u00a0\u00a0\u00a0\u00a0\u00a0\u00a0\u00a0\u00a0\u00a0\u00a0\u00a0\u00a0\u00a0\u00a0\u00a0 Bilker Heimatfreunde<\/p>\n<p>Helmut Hedderich\u00a0\u00a0\u00a0\u00a0\u00a0\u00a0\u00a0\u00a0\u00a0\u00a0\u00a0\u00a0\u00a0\u00a0\u00a0\u00a0\u00a0 Reserve Bilk<\/p>\n<p>Michael Pick\u00a0\u00a0\u00a0\u00a0\u00a0\u00a0\u00a0\u00a0\u00a0\u00a0\u00a0\u00a0\u00a0\u00a0\u00a0\u00a0\u00a0\u00a0\u00a0\u00a0\u00a0\u00a0\u00a0\u00a0\u00a0 Andreas Hofer \u2013 Hubertus J\u00e4ger<\/p>\n<p>Georg Peltzer\u00a0\u00a0\u00a0\u00a0\u00a0\u00a0\u00a0\u00a0\u00a0\u00a0\u00a0\u00a0\u00a0\u00a0\u00a0\u00a0\u00a0\u00a0\u00a0\u00a0\u00a0\u00a0\u00a0\u00a0 Friedrichst\u00e4dter Reserve<\/p>\n<p>&nbsp;<\/p>\n<p><img loading=\"lazy\" decoding=\"async\" class=\"wp-image-4860 alignleft\" src=\"https:\/\/www.schuetzen-bilk.de\/wp-content\/uploads\/2018\/10\/Kr\u00f6nungsball_2018_2-2.jpg\" alt=\"\" width=\"268\" height=\"179\" srcset=\"https:\/\/www.schuetzen-bilk.de\/wp-content\/uploads\/2018\/10\/Kr\u00f6nungsball_2018_2-2.jpg 800w, https:\/\/www.schuetzen-bilk.de\/wp-content\/uploads\/2018\/10\/Kr\u00f6nungsball_2018_2-2-300x200.jpg 300w, https:\/\/www.schuetzen-bilk.de\/wp-content\/uploads\/2018\/10\/Kr\u00f6nungsball_2018_2-2-768x513.jpg 768w\" sizes=\"auto, (max-width: 268px) 100vw, 268px\" \/>Eindrucksvolle Worte auch von Michael Wei\u00dfer (Vorstand Kreissparkasse D\u00fcsseldorf) der die Laudatio zur Verleihung der Jakob Faasen Plakette 2018 hielt.\u00a0 Der gro\u00dfe Beifall im Zelt zeigte, das hier wohl eine gute Wahl getroffen wurde. Die Familie Hinkel ist schlie\u00dflich seit Generationen mit den Bilker Sch\u00fctzen verbunden, Josef Hinkel ist auch heute noch Protektor der f\u00fcnften Sch\u00fctzen Gesellschaft.<\/p>\n<p>Nahtlos ging es weiter mit den Ehrungen: Unter tosendem Beifall wurde Tim Wiatrowski zum Ehrenmitglied des Bilker Sch\u00fctzenvereins ernannt. Vollkommen \u00fcberrascht war Tambourmajor Dieter Lorenz, der f\u00fcr seine jahrzehntelangen Verdienste mit der h\u00f6chsten Bilker Auszeichnung, dem Bilker Ehrenstern bedacht wurde.<\/p>\n<p>&nbsp;<\/p>\n<p><img loading=\"lazy\" decoding=\"async\" class=\"wp-image-4861 aligncenter\" src=\"https:\/\/www.schuetzen-bilk.de\/wp-content\/uploads\/2018\/10\/Kr\u00f6nungsball_2018_3-1.jpg\" alt=\"\" width=\"425\" height=\"284\" srcset=\"https:\/\/www.schuetzen-bilk.de\/wp-content\/uploads\/2018\/10\/Kr\u00f6nungsball_2018_3-1.jpg 800w, https:\/\/www.schuetzen-bilk.de\/wp-content\/uploads\/2018\/10\/Kr\u00f6nungsball_2018_3-1-300x200.jpg 300w, https:\/\/www.schuetzen-bilk.de\/wp-content\/uploads\/2018\/10\/Kr\u00f6nungsball_2018_3-1-768x513.jpg 768w\" sizes=\"auto, (max-width: 425px) 100vw, 425px\" \/><\/p>\n<p><img loading=\"lazy\" decoding=\"async\" class=\"wp-image-4862 alignleft\" src=\"https:\/\/www.schuetzen-bilk.de\/wp-content\/uploads\/2018\/10\/DSC_0481-1.jpg\" alt=\"\" width=\"216\" height=\"144\" \/>In gekonnt souver\u00e4ner Art moderierte der zweite Chef Michael Schwarz die Abkr\u00f6nung beziehungsweise Neukr\u00f6nung der Jungsch\u00fctzen Majest\u00e4ten. Er bedankte sich bei Pascal Schiffers und Laura Faustmann f\u00fcr Ihren Einsatz, diese hatten (un\u00fcblicher Weise) selber auch eine Spendensammlung initiiert und sammelten 1.111 \u20ac \u00a0zur Unterst\u00fctzung von an multipler Sklerose erkrankten Menschen.\u00a0Daniel Henneberg und Michelle Kraft wurden gekr\u00f6nt und schauen gespannt ihrem K\u00f6nigsjahr entgegen.\u00a0<img loading=\"lazy\" decoding=\"async\" class=\"wp-image-4863 alignright\" src=\"https:\/\/www.schuetzen-bilk.de\/wp-content\/uploads\/2018\/10\/Kr\u00f6nungsball_2018_2-1-1.jpg\" alt=\"\" width=\"213\" height=\"142\" srcset=\"https:\/\/www.schuetzen-bilk.de\/wp-content\/uploads\/2018\/10\/Kr\u00f6nungsball_2018_2-1-1.jpg 800w, https:\/\/www.schuetzen-bilk.de\/wp-content\/uploads\/2018\/10\/Kr\u00f6nungsball_2018_2-1-1-300x200.jpg 300w, https:\/\/www.schuetzen-bilk.de\/wp-content\/uploads\/2018\/10\/Kr\u00f6nungsball_2018_2-1-1-768x513.jpg 768w\" sizes=\"auto, (max-width: 213px) 100vw, 213px\" \/><\/p>\n<p>Die Kr\u00f6nungszeremonie der Regimentsmajest\u00e4ten f\u00fchrte der erste Chef Ulrich M\u00fcller durch, der dem scheidendem K\u00f6nigspaar Stephanie und Dirk Elle f\u00fcr ihren Einsatz gro\u00dfen Dank aussprach. Auch sie hatten gesammelt, es waren 1.550 \u20ac f\u00fcr die \u201eLebenshilfe\u201c zusammen gekommen.<\/p>\n<p><img loading=\"lazy\" decoding=\"async\" class=\" wp-image-4864 aligncenter\" src=\"https:\/\/www.schuetzen-bilk.de\/wp-content\/uploads\/2018\/10\/Kr\u00f6nungsball_2018_6-1.jpg\" alt=\"\" width=\"443\" height=\"296\" srcset=\"https:\/\/www.schuetzen-bilk.de\/wp-content\/uploads\/2018\/10\/Kr\u00f6nungsball_2018_6-1.jpg 800w, https:\/\/www.schuetzen-bilk.de\/wp-content\/uploads\/2018\/10\/Kr\u00f6nungsball_2018_6-1-300x200.jpg 300w, https:\/\/www.schuetzen-bilk.de\/wp-content\/uploads\/2018\/10\/Kr\u00f6nungsball_2018_6-1-768x513.jpg 768w\" sizes=\"auto, (max-width: 443px) 100vw, 443px\" \/><\/p>\n<p>Zu einem K\u00f6nigsthron geh\u00f6ren die Hofnarren, in der Neuzeit auch Comedian genannt. Mannes Meckenstock \u00fcbernahm diesen Part als Programmpunkt des Abends. \u00a0Die Steigerwald Rebellen spielten fast ohne Pause und sorgten f\u00fcr tolle Stimmung bis die letzten G\u00e4ste in den fr\u00fchen Morgenstunden den Weg nach Hause\u00a0fanden.<\/p>\n<p>&nbsp;<\/p>\n<p>Text und Bilder: Ren\u00e9 Krombholz<\/p>\n","protected":false},"excerpt":{"rendered":"<p>Das war wirklich fein gemacht! \u00a0Neue bequeme Bestuhlung, an den W\u00e4nden vergr\u00f6\u00dferte Archivbilder, tolle Dekoration! So konnte der erste Chef Ulrich M\u00fcller im Galafestzelt zahlreiche<span class=\"more-link\"><a href=\"https:\/\/www.schuetzen-bilk.de\/index.php\/2018\/10\/03\/kroenungsball-2018\/\">Mehr&#8230;<\/a><\/span><\/p>\n","protected":false},"author":1,"featured_media":4864,"comment_status":"closed","ping_status":"closed","sticky":false,"template":"","format":"standard","meta":{"footnotes":""},"categories":[1,45],"tags":[],"class_list":["entry","author-sebastian-thoene","post-4858","post","type-post","status-publish","format-standard","has-post-thumbnail","category-allgemein","category-kroenungsball-fruehschoppe"],"_links":{"self":[{"href":"https:\/\/www.schuetzen-bilk.de\/index.php\/wp-json\/wp\/v2\/posts\/4858","targetHints":{"allow":["GET"]}}],"collection":[{"href":"https:\/\/www.schuetzen-bilk.de\/index.php\/wp-json\/wp\/v2\/posts"}],"about":[{"href":"https:\/\/www.schuetzen-bilk.de\/index.php\/wp-json\/wp\/v2\/types\/post"}],"author":[{"embeddable":true,"href":"https:\/\/www.schuetzen-bilk.de\/index.php\/wp-json\/wp\/v2\/users\/1"}],"replies":[{"embeddable":true,"href":"https:\/\/www.schuetzen-bilk.de\/index.php\/wp-json\/wp\/v2\/comments?post=4858"}],"version-history":[{"count":2,"href":"https:\/\/www.schuetzen-bilk.de\/index.php\/wp-json\/wp\/v2\/posts\/4858\/revisions"}],"predecessor-version":[{"id":6650,"href":"https:\/\/www.schuetzen-bilk.de\/index.php\/wp-json\/wp\/v2\/posts\/4858\/revisions\/6650"}],"wp:featuredmedia":[{"embeddable":true,"href":"https:\/\/www.schuetzen-bilk.de\/index.php\/wp-json\/wp\/v2\/media\/4864"}],"wp:attachment":[{"href":"https:\/\/www.schuetzen-bilk.de\/index.php\/wp-json\/wp\/v2\/media?parent=4858"}],"wp:term":[{"taxonomy":"category","embeddable":true,"href":"https:\/\/www.schuetzen-bilk.de\/index.php\/wp-json\/wp\/v2\/categories?post=4858"},{"taxonomy":"post_tag","embeddable":true,"href":"https:\/\/www.schuetzen-bilk.de\/index.php\/wp-json\/wp\/v2\/tags?post=4858"}],"curies":[{"name":"wp","href":"https:\/\/api.w.org\/{rel}","templated":true}]}}