{"id":4409,"date":"2018-06-21T12:01:45","date_gmt":"2018-06-21T10:01:45","guid":{"rendered":"https:\/\/www.schuetzen-bilk.de\/?p=4409"},"modified":"2020-01-08T14:57:04","modified_gmt":"2020-01-08T13:57:04","slug":"das-war-das-bilker-schuetzenfest","status":"publish","type":"post","link":"https:\/\/www.schuetzen-bilk.de\/index.php\/2018\/06\/21\/das-war-das-bilker-schuetzenfest\/","title":{"rendered":"Das war das Bilker Sch\u00fctzenfest"},"content":{"rendered":"<h3>Samstag, 16.06.2018<\/h3>\n<p>Fr\u00fch aufstehen, hie\u00df es f\u00fcr einige der Bilker Sch\u00fctzenkameraden am Sch\u00fctzenfest Samstag. Bereits um 9:15 Uhr galt es den ersten Termin wahrzunehmen: man traf sich am Standesamt der Landeshauptstadt D\u00fcsseldorf, Regimentsk\u00f6nig Dirk Elle hatte sich diesen Tag auserkoren, um seiner Stephanie das Ja-Wort zu geben.<\/p>\n<p>Den Festgottesdienst nutzte Kaplan Balagon um den Begriff Glaube, Sitte, Heimat einmal f\u00fcr die heutige Zeit zu hinterfragen, hochinteressant!<\/p>\n<p>Danach marschierte das Regiment zum F\u00fcrstenplatz, wo der Bruderverein aus Oberbilk gegr\u00fc\u00dft wurde.<\/p>\n<p>Die Spitze des Zuges war bereits an der Karolingerstra\u00dfe angekommen, als der Himmel pl\u00f6tzlich alle Schleusen \u00f6ffnete. Ein Abbruch des Zuges war nicht m\u00f6glich, es gab kaum Unterstellm\u00f6glichkeiten beziehungsweise die vorhandenen waren bereits mit Zuschauern besetzt. Pitschnass kamen die meisten Zugteilnehmer im Zelt an, nach einer kurzen Verschnaufpause ging es dann mit guter Stimmung weiter.<\/p>\n<p>Am Abend standen dann die Ehrungen verdienter Kameraden auf dem Plan.<br \/>\nDirk Niedel und Stefan Ambaum wurden mit der Jan Wellem Medaille in Alt-Silber des RSB f\u00fcr ihre Verdienste um Rock in Bilk ausgezeichnet.<\/p>\n<p>Geehrt wurden auch langj\u00e4hrige Mitglieder, die f\u00fcr 25, beziehungsweise 40 Jahre Mitgliedschaft ihre Verdienstnadel bekamen. F\u00fcr 60 Jahre Mitgliedschaft wurden Manfred Dembinski, Manfred\u00a0 Van Eick und Dieter Reiher mit der Pr\u00e4sidenten Medaille des RSB geehrt.<\/p>\n<p><img loading=\"lazy\" decoding=\"async\" class=\"wp-image-4412 aligncenter\" src=\"https:\/\/www.schuetzen-bilk.de\/wp-content\/uploads\/2017\/10\/DSC_0535-1.jpg\" alt=\"\" width=\"306\" height=\"204\" \/><\/p>\n<p>Aus den H\u00e4nden von Bernd Sch\u00e4per erhielten Gary M\u00fcller und Philipp Gendrung die goldene Verdienstnadel des RSB.<\/p>\n<p>Mike Maletzki erhielt die \u00a0gro\u00dfe bronzene Verdienstnadel und Jim M\u00fcller die gro\u00dfe silberne Verdienstnadel des RSB, allesamt f\u00fcr ihre Jugendarbeit<\/p>\n<p>Weitere hohe Ehrungen:<br \/>\nAxel Uebels: gro\u00dfe goldene Verdienstnadel des RSB<br \/>\nEugen Lippert: \u00a0gro\u00dfe goldene Verdiensnadel des RSB<br \/>\nBernd Obermeyer: goldene Verdienstnadel des DSB<br \/>\nMichael Kohn: \u00a0goldene Verdienstnadel des DSB<br \/>\nRalf Gendrung: \u00a0goldene Verdienstnadel des DSB<\/p>\n<p>Michael Kohn ehrte und \u00fcberraschte Heinz Thelen mit der Verdienstnadel des Offiziers Corps. Letztlich standen noch die Goldjubilare an: f\u00fcr 50 Jahre Mitgliedschaft erhielten Rolf Begenat, Norbert Meister und J\u00fcrgen Peters die\u00a0 goldene Nadel.<\/p>\n<p>Mit dem anschlie\u00dfenden Jung Sch\u00fctzen Programm kam wieder Schwung in Zelt, beachtlich was die Jungs und diesmal auch mit ihren M\u00e4dels da auf die Beine gestellt haben.<br \/>\nMonate lang wurde daf\u00fcr geprobt und viel Freizeit geopfert.<\/p>\n<p>Dankesch\u00f6n f\u00fcr diesen tollen Abend<\/p>\n<h3>Sonntag, 17.06.2018<\/h3>\n<p>Sch\u00fctzenfest Sonntag in Unterbilk, lebhaftes Treiben rund um den Bilker Dom. Schon fr\u00fch hatten sich viele G\u00e4ste eingefunden um dem Platzkonzert der Burgkapelle Hartenfels beizuwohnen.<br \/>\nRichtig lebhaft wurde es, als nacheinander die rund 500 Musiker der am Festzug teilnehmenden Kapellen aufmarschierten und einige M\u00e4rsche gemeinsam zum Besten gaben. Ein Event, das in den letzten Jahren immer beliebter geworden ist und seinesgleichen sucht.<br \/>\nDie letzten Kl\u00e4nge waren gerade verhallt und schon ging es mit dem gro\u00dfen\u00a0historischen Festzug weiter. Er gilt als einer der sch\u00f6nsten in der Landeshauptstadt und begeistert jedes Jahr aufs Neue die Zuschauer am Stra\u00dfenrand.<br \/>\nNach Parade, Biwak und Weitermarsch kamen die Sch\u00fctzen diesmal trockenen Fu\u00dfes ins Festzelt.<\/p>\n<p>Im Festzelt wurde Norbert Kramer (Rheinbahn AG) f\u00fcr seinen 20-j\u00e4hrigen Einsatz bei den Sch\u00fctzenumz\u00fcgen zum Ehrenmitglied des Bilker<img loading=\"lazy\" decoding=\"async\" class=\"wp-image-4448 alignright\" src=\"https:\/\/www.schuetzen-bilk.de\/wp-content\/uploads\/2018\/06\/IMG_8263-1.jpg\" alt=\"\" width=\"327\" height=\"218\" \/> Sch\u00fctzenvereins ernannt.<\/p>\n<p>Das Ganze war zeitlich 1 Stunde vorverlegt worden, um den Sch\u00fctzen und G\u00e4sten die M\u00f6glichkeit zu geben, dem Spiel der Fu\u00dfball WM auf Gro\u00dfbildleinwand im Zelt zu folgen.<\/p>\n<p><img loading=\"lazy\" decoding=\"async\" class=\"wp-image-4411 alignright\" src=\"https:\/\/www.schuetzen-bilk.de\/wp-content\/uploads\/2017\/10\/IMG_8703-1.jpg\" alt=\"\" width=\"269\" height=\"179\" \/><\/p>\n<p>Mit dem Abpfiff des Fu\u00dfballspiels begannen am Sch\u00fctzenplatz die Schie\u00dfwettbewerbe, mit Hanna Lorenz stand schon bald die erste und j\u00fcngste Majest\u00e4t fest. Hanna wurde Pickvogelsiegerin. Es folgte Robert Hesselmann als Jugendk\u00f6nig und Daniel Henneberg erf\u00fcllte sich den lang gehegten<br \/>\nTraum Jungsch\u00fctzen K\u00f6nig zu werden. Herzlichen Gl\u00fcckwunsch<\/p>\n<h3>Montag, 18.06.2018<\/h3>\n<p>Vielfach Tod gesagt, wiederbelebt, dann 2018 absolut erfolgreich und sehenswert: der Familienachmittag. Traditionell werden am Sch\u00fctzenfest Montag Senioren aus Bilker Einrichtungen zu Kaffee und Kuchen eingeladen.<\/p>\n<p>Nachdem 2017 viele der \u00c4lteren wegen der gro\u00dfen Hitze absagen mussten, konnte man dieses Jahr ein nahezu volles Haus erleben. F\u00fcr die meisten alten Menschen bedeutet das eine wenig Abwechslung vom Alltag im Seniorenheim.\u00a0 Begeistert gingen sie im Programm mit, sangen oder schunkelten, als Andreas Lietz sein \u201eich hab Ehrfurcht vor schneewei\u00dfen Haaren\u201c (ein Hit aus den Sechzigern gesungen von Camillo Felgen) vortrug, sah man bei einigen auch Tr\u00e4nen in den Augen.<\/p>\n<p>Zuvor hatten Fanfarencorps Freisch\u00fctz und Tambourcorps St. Martin die G\u00e4ste erfreut, die Heimatfreunde hatten mit ihrem Gang nach Canossa, die M\u00e4dels der Jungsch\u00fctzen mit weiteren Darbietungen beeindruckt. Zum Abschluss brachte ein Kom\u00f6dien im Auftrag des Grenadier Bataillon das Zelt in Stimmung.<\/p>\n<p>Geehrt wurden die neue Pagenk\u00f6nigin Anika Wiatrowski, Sch\u00fclerk\u00f6nig wurde der Bruder Tobias Wiatrowski<\/p>\n<p><img loading=\"lazy\" decoding=\"async\" class=\"wp-image-4414 aligncenter\" src=\"https:\/\/www.schuetzen-bilk.de\/wp-content\/uploads\/2017\/10\/Sch\u00fctzenfest2-1.jpg\" alt=\"\" width=\"219\" height=\"164\" srcset=\"https:\/\/www.schuetzen-bilk.de\/wp-content\/uploads\/2017\/10\/Sch\u00fctzenfest2-1.jpg 800w, https:\/\/www.schuetzen-bilk.de\/wp-content\/uploads\/2017\/10\/Sch\u00fctzenfest2-1-300x225.jpg 300w, https:\/\/www.schuetzen-bilk.de\/wp-content\/uploads\/2017\/10\/Sch\u00fctzenfest2-1-768x576.jpg 768w\" sizes=\"auto, (max-width: 219px) 100vw, 219px\" \/><\/p>\n<p>Abends traf man sich dann zum Ball der Kompanie K\u00f6nigspaare im Festzelt, unter gro\u00dfem Jubel und mit viel Stimmung wurden die Repr\u00e4sentanten\/innen der einzelnen Kompanien empfangen und zum Thron geleitet. Zwischendurch die Ehrung der Goldpokalsieger, die Volksbank D\u00fcsseldorf Neuss vergab die Preise f\u00fcr den B\u00fcrgervogel.<\/p>\n<p><img loading=\"lazy\" decoding=\"async\" class=\"wp-image-4418 aligncenter\" src=\"https:\/\/www.schuetzen-bilk.de\/wp-content\/uploads\/2017\/10\/Sch\u00fctzenfest6-1.jpg\" alt=\"\" width=\"361\" height=\"241\" srcset=\"https:\/\/www.schuetzen-bilk.de\/wp-content\/uploads\/2017\/10\/Sch\u00fctzenfest6-1.jpg 800w, https:\/\/www.schuetzen-bilk.de\/wp-content\/uploads\/2017\/10\/Sch\u00fctzenfest6-1-300x200.jpg 300w, https:\/\/www.schuetzen-bilk.de\/wp-content\/uploads\/2017\/10\/Sch\u00fctzenfest6-1-768x513.jpg 768w\" sizes=\"auto, (max-width: 361px) 100vw, 361px\" \/><\/p>\n<p>Sensationell der Auftritt von Bajaasch, \u00a0die mit hei\u00dfen und herzigen Kl\u00e4ngen auch die M\u00fcdesten vom Hocker rissen.<\/p>\n<p>&nbsp;<\/p>\n<h3>Dienstag, 19.06.2018<\/h3>\n<p>Der Sch\u00fctzenfest Dienstag steht unter der Perspektive, die Schie\u00dfwettbewerbe zu Ende zu bringen. H\u00f6hepunkt dabei ist nat\u00fcrlich der K\u00f6nigschuss. Die neue Majest\u00e4ten 2018\/2019 sind Hans J\u00fcrgen Henneberg mit seiner K\u00f6nigin Angelika.<\/p>\n<p><img loading=\"lazy\" decoding=\"async\" class=\"wp-image-4413 aligncenter\" src=\"https:\/\/www.schuetzen-bilk.de\/wp-content\/uploads\/2017\/10\/Sch\u00fctzenfest1-1.jpg\" alt=\"\" width=\"376\" height=\"251\" srcset=\"https:\/\/www.schuetzen-bilk.de\/wp-content\/uploads\/2017\/10\/Sch\u00fctzenfest1-1.jpg 800w, https:\/\/www.schuetzen-bilk.de\/wp-content\/uploads\/2017\/10\/Sch\u00fctzenfest1-1-300x200.jpg 300w, https:\/\/www.schuetzen-bilk.de\/wp-content\/uploads\/2017\/10\/Sch\u00fctzenfest1-1-768x513.jpg 768w\" sizes=\"auto, (max-width: 376px) 100vw, 376px\" \/><\/p>\n<p>Das Wirts- Ehepaar der Gastst\u00e4tte \u201eSchl\u00fcssel im Treppchen\u201c (Martin Stra\u00dfe) hat drei Kinder, wovon Daniel am Wochenende ebenfalls im Bilker Regiment Jungsch\u00fctzenk\u00f6nig wurde. Dieses ist ein Novum in der Geschichte des Bilker Vereins, dass Vater und Sohn gemeinsam das Regiment repr\u00e4sentieren. Der 61-j\u00e4hrige Hansi Henneberg ist seit 1987 Mitglied bei den Bilker Sch\u00fctzen und geh\u00f6rt dem Tambourcorps St. Martin an.<\/p>\n<p><a href=\"https:\/\/www.schuetzen-bilk.de\/index.php\/pfandschuetzen-2018\/\">Hier finden Sie alle Pfandsch\u00fctzen<\/a><\/p>\n<p>Das Fest endete mit dem gro\u00dfen Zapfenstreich und anschlie\u00dfendem Brilliant Feuerwerk.<\/p>\n<p>Text und Bilder: Ren\u00e8 Krombholz<\/p>\n","protected":false},"excerpt":{"rendered":"<p>Samstag, 16.06.2018 Fr\u00fch aufstehen, hie\u00df es f\u00fcr einige der Bilker Sch\u00fctzenkameraden am Sch\u00fctzenfest Samstag. Bereits um 9:15 Uhr galt es den ersten Termin wahrzunehmen: man<span class=\"more-link\"><a href=\"https:\/\/www.schuetzen-bilk.de\/index.php\/2018\/06\/21\/das-war-das-bilker-schuetzenfest\/\">Mehr&#8230;<\/a><\/span><\/p>\n","protected":false},"author":1,"featured_media":4421,"comment_status":"closed","ping_status":"closed","sticky":false,"template":"","format":"standard","meta":{"footnotes":""},"categories":[1,43],"tags":[],"class_list":["entry","author-sebastian-thoene","post-4409","post","type-post","status-publish","format-standard","has-post-thumbnail","category-allgemein","category-schuetzenfest"],"_links":{"self":[{"href":"https:\/\/www.schuetzen-bilk.de\/index.php\/wp-json\/wp\/v2\/posts\/4409","targetHints":{"allow":["GET"]}}],"collection":[{"href":"https:\/\/www.schuetzen-bilk.de\/index.php\/wp-json\/wp\/v2\/posts"}],"about":[{"href":"https:\/\/www.schuetzen-bilk.de\/index.php\/wp-json\/wp\/v2\/types\/post"}],"author":[{"embeddable":true,"href":"https:\/\/www.schuetzen-bilk.de\/index.php\/wp-json\/wp\/v2\/users\/1"}],"replies":[{"embeddable":true,"href":"https:\/\/www.schuetzen-bilk.de\/index.php\/wp-json\/wp\/v2\/comments?post=4409"}],"version-history":[{"count":2,"href":"https:\/\/www.schuetzen-bilk.de\/index.php\/wp-json\/wp\/v2\/posts\/4409\/revisions"}],"predecessor-version":[{"id":6663,"href":"https:\/\/www.schuetzen-bilk.de\/index.php\/wp-json\/wp\/v2\/posts\/4409\/revisions\/6663"}],"wp:featuredmedia":[{"embeddable":true,"href":"https:\/\/www.schuetzen-bilk.de\/index.php\/wp-json\/wp\/v2\/media\/4421"}],"wp:attachment":[{"href":"https:\/\/www.schuetzen-bilk.de\/index.php\/wp-json\/wp\/v2\/media?parent=4409"}],"wp:term":[{"taxonomy":"category","embeddable":true,"href":"https:\/\/www.schuetzen-bilk.de\/index.php\/wp-json\/wp\/v2\/categories?post=4409"},{"taxonomy":"post_tag","embeddable":true,"href":"https:\/\/www.schuetzen-bilk.de\/index.php\/wp-json\/wp\/v2\/tags?post=4409"}],"curies":[{"name":"wp","href":"https:\/\/api.w.org\/{rel}","templated":true}]}}