{"id":3432,"date":"2017-05-01T12:19:21","date_gmt":"2017-05-01T10:19:21","guid":{"rendered":"http:\/\/www.schuetzen-bilk.de\/?p=3432"},"modified":"2020-01-08T16:53:03","modified_gmt":"2020-01-08T15:53:03","slug":"ringstechen-2017","status":"publish","type":"post","link":"https:\/\/www.schuetzen-bilk.de\/index.php\/2017\/05\/01\/ringstechen-2017\/","title":{"rendered":"Ringstechen"},"content":{"rendered":"<p>Auf Anregung unseres 1.Chefs Ulrich M\u00fcller, trafen sich am gestrigen Samstag, Amazonen und Reiter, des Reiterzuges der Freisch\u00fctz, der Amazonen der Germania und des Bilker Offizierskorps in Kaarst um erstmalig einen &#8222;Bilker-Ringsieger&#8220; auszustechen.<br \/>\nDer &#8222;Test&#8220; verlief durchaus vielversprechend, wenn auch die Beteiligung der G\u00e4ste und der aktiven Teilnehmer noch ausbauf\u00e4hig ist. Deshalb gibt es \u00dcberlegungen, diese Veranstaltung im n\u00e4chsten Jahr etwas n\u00e4her in den Umkreis von Bilk zu verlegen.<br \/>\nVon den knapp 40 aktiven Reitern im Bilker Regiment, nahmen knapp die H\u00e4lfte am Wettbewerb teil. Das jedoch tat der Spannung keinen Abruch. Alle G\u00e4ste und Reiter\/innen, erfreuten sich an einem aktionsreichen Ringstechen, welches Schlussendlich in einem spannenden Stechen entschieden wurde.<br \/>\nPlatzierung:<\/p>\n<p>3. Platz: Ingo Kellner (Offizierskorps)<br \/>\n2. Platz: Carina Uebels (Amazonen der Germania)<br \/>\n1. Platz: Birgit Uebels (Amazonen der Germania)<\/p>\n<p>Die offizielle Proklamation der Ringsiegerin erfolgt am Samstag auf dem Bilker Sch\u00fctzenfest.<\/p>\n<p>Allen Beteiligten und G\u00e4sten ein herzliches Dankesch\u00f6n f\u00fcr ihre Teilnahme.<\/p>\n<p>A. Uebels<\/p>\n<p>&nbsp;<\/p>\n","protected":false},"excerpt":{"rendered":"<p>Auf Anregung unseres 1.Chefs Ulrich M\u00fcller, trafen sich am gestrigen Samstag, Amazonen und Reiter, des Reiterzuges der Freisch\u00fctz, der Amazonen der Germania und des Bilker<span class=\"more-link\"><a href=\"https:\/\/www.schuetzen-bilk.de\/index.php\/2017\/05\/01\/ringstechen-2017\/\">Mehr&#8230;<\/a><\/span><\/p>\n","protected":false},"author":1,"featured_media":3436,"comment_status":"closed","ping_status":"closed","sticky":false,"template":"","format":"standard","meta":{"footnotes":""},"categories":[1,53],"tags":[],"class_list":["entry","author-sebastian-thoene","post-3432","post","type-post","status-publish","format-standard","has-post-thumbnail","category-allgemein","category-reiten"],"_links":{"self":[{"href":"https:\/\/www.schuetzen-bilk.de\/index.php\/wp-json\/wp\/v2\/posts\/3432","targetHints":{"allow":["GET"]}}],"collection":[{"href":"https:\/\/www.schuetzen-bilk.de\/index.php\/wp-json\/wp\/v2\/posts"}],"about":[{"href":"https:\/\/www.schuetzen-bilk.de\/index.php\/wp-json\/wp\/v2\/types\/post"}],"author":[{"embeddable":true,"href":"https:\/\/www.schuetzen-bilk.de\/index.php\/wp-json\/wp\/v2\/users\/1"}],"replies":[{"embeddable":true,"href":"https:\/\/www.schuetzen-bilk.de\/index.php\/wp-json\/wp\/v2\/comments?post=3432"}],"version-history":[{"count":1,"href":"https:\/\/www.schuetzen-bilk.de\/index.php\/wp-json\/wp\/v2\/posts\/3432\/revisions"}],"predecessor-version":[{"id":6713,"href":"https:\/\/www.schuetzen-bilk.de\/index.php\/wp-json\/wp\/v2\/posts\/3432\/revisions\/6713"}],"wp:featuredmedia":[{"embeddable":true,"href":"https:\/\/www.schuetzen-bilk.de\/index.php\/wp-json\/wp\/v2\/media\/3436"}],"wp:attachment":[{"href":"https:\/\/www.schuetzen-bilk.de\/index.php\/wp-json\/wp\/v2\/media?parent=3432"}],"wp:term":[{"taxonomy":"category","embeddable":true,"href":"https:\/\/www.schuetzen-bilk.de\/index.php\/wp-json\/wp\/v2\/categories?post=3432"},{"taxonomy":"post_tag","embeddable":true,"href":"https:\/\/www.schuetzen-bilk.de\/index.php\/wp-json\/wp\/v2\/tags?post=3432"}],"curies":[{"name":"wp","href":"https:\/\/api.w.org\/{rel}","templated":true}]}}