{"id":3396,"date":"2017-06-07T11:26:10","date_gmt":"2017-06-07T09:26:10","guid":{"rendered":"http:\/\/www.schuetzen-bilk.de\/?p=3396"},"modified":"2020-01-08T16:45:41","modified_gmt":"2020-01-08T15:45:41","slug":"buergerfest-am-moeschesonntag-2017","status":"publish","type":"post","link":"https:\/\/www.schuetzen-bilk.de\/index.php\/2017\/06\/07\/buergerfest-am-moeschesonntag-2017\/","title":{"rendered":"B\u00fcrgerfest am M\u00f6schesonntag"},"content":{"rendered":"<h2>B\u00fcrgerfest am M\u00f6schesonntag<\/h2>\n<p>Das Wetter meinte es gut, die Sonne strahlte und brachte Temperaturen um die 30\u00b0.\u00a0 Anders der Terminplan, der an diesem Tag zahlreiche Gro\u00dfveranstaltungen f\u00fcr den Bilker Stadtteil vorhergesehen hatte. So blieb die spannende Frage, wie gut das B\u00fcrgerfest am M\u00f6schesonntag (trotz massiver Werbung) besucht sein w\u00fcrde.<\/p>\n<p><img loading=\"lazy\" decoding=\"async\" class=\"wp-image-2526 aligncenter\" src=\"https:\/\/www.schuetzen-bilk.de\/wp-content\/uploads\/2016\/11\/IMG_8961-1.jpg\" alt=\"\" width=\"375\" height=\"281\" \/><\/p>\n<p>Besser als gedacht, wie sich herausstellte! Schon fr\u00fch waren zahlreiche Helfer am Werk, um den Sch\u00fctzenplatz herzurichten, f\u00fcr die Besucherscharen, die sich auch kurze Zeit sp\u00e4ter einfanden.<\/p>\n<p>Der Bilker Sch\u00fctzenplatz war schon gut gef\u00fcllt, als sich die goldene M\u00f6sch, Fahnen, K\u00f6nige und der Vorstand, sowie Tambourcorps St. Martin und Fanfarencorps Freisch\u00fctz nach den Worten des ersten Chefs auf den Weg machten.<\/p>\n<p>Zuerst in Richtung D\u00fcsseldorf Arcaden, wo das Event \u201eAb Bilk, auf die Rolle\u201c von unseren Musikz\u00fcgen er\u00f6ffnet wurde. Centermanager Dennis Stopa und der erste Chef der Bilker Sch\u00fctzen Ulrich M\u00fcller, fanden am Rande auch die M\u00f6glichkeit, eines kleinen Meinungsaustausches betreffs einer bevorstehenden Zusammenarbeit<a name=\"_GoBack\"><\/a>.<\/p>\n<p>Ein Festzug f\u00fcr diesen Tag, war aufgrund der vielen Veranstaltungen in D\u00fcsseldorf und mangels Ressourcen der Polizei, nicht genehmigt worden. So machte man sich von der neuen Bilker Mitte in loser Form auf den Weg zum Aachener Platz.<\/p>\n<p>Hier wartete eine Vielzahl von Angeboten. F\u00fcr die Kinder eine H\u00fcpfburg sowie der Orientexpress. Informationen \u00fcber die Bilker Sch\u00fctzen gab es am Stand f\u00fcr \u00d6ffentlichkeitsarbeit sowie einem Stand der Gesellschaft f\u00fcnfte Sch\u00fctzen die zugleich einen Luftballon Wettbewerb und ein Kindervogelschie\u00dfen als Attraktion bereithielten. Auch die, aus dem eigenen Archiv dargestellten Bilder, sorgten f\u00fcr Interesse. So einige Besucher fanden Familienmitglieder auf diesen Bildern wieder.<\/p>\n<p>F\u00fcr Speis und Trank war gesorgt, der DJ macht beste Arbeit, die Fahnenschwenker sowie auch unsere Musikeinheiten sorgten f\u00fcr Kurzweil zwischendurch. Auch der neu geschaffene PIN, das Markenzeichen f\u00fcr die Aktion ZOSAMME, fand viele Interessenten.<\/p>\n<p>Im Mittelpunkt standen nat\u00fcrlich auch die, an diesem Tag durchgef\u00fchrt Schie\u00dfwettbewerbe, deren Sieger auch sofort nach Abschluss des Wettbewerbs vorgestellt wurden. Das Schie\u00dfen auf den B\u00fcrgervogel fand gro\u00dfen Anklang. Die Preise wurden von der\u00a0 Volksbank D\u00fcsseldorf-Neuss gestiftet.<\/p>\n<p><a href=\"http:\/\/www.schuetzen-bilk.de\/index.php\/news\/press-releases\/goldpokalschiessen-2017\/\">Die Pfandsch\u00fctzen finden Sie hier<\/a><b><\/b><i><\/i><u><\/u><\/p>\n<p><img loading=\"lazy\" decoding=\"async\" class=\"wp-image-2529 aligncenter\" src=\"https:\/\/www.schuetzen-bilk.de\/wp-content\/uploads\/2016\/11\/IMG_9046-1.jpg\" alt=\"\" width=\"330\" height=\"248\" \/><b><\/b><i><\/i><u><\/u><\/p>\n<p>Viele Kameraden sa\u00dfen noch lange nach Abschluss der Veranstaltung zusammen um in lockerer Runde den Kameradschaftsgeist zu pflegen.<\/p>\n<p>R.K.<\/p>\n","protected":false},"excerpt":{"rendered":"<p>B\u00fcrgerfest am M\u00f6schesonntag Das Wetter meinte es gut, die Sonne strahlte und brachte Temperaturen um die 30\u00b0.\u00a0 Anders der Terminplan, der an diesem Tag zahlreiche<span class=\"more-link\"><a href=\"https:\/\/www.schuetzen-bilk.de\/index.php\/2017\/06\/07\/buergerfest-am-moeschesonntag-2017\/\">Mehr&#8230;<\/a><\/span><\/p>\n","protected":false},"author":1,"featured_media":3397,"comment_status":"closed","ping_status":"closed","sticky":false,"template":"","format":"standard","meta":{"footnotes":""},"categories":[1,43],"tags":[],"class_list":["entry","author-sebastian-thoene","post-3396","post","type-post","status-publish","format-standard","has-post-thumbnail","category-allgemein","category-schuetzenfest"],"_links":{"self":[{"href":"https:\/\/www.schuetzen-bilk.de\/index.php\/wp-json\/wp\/v2\/posts\/3396","targetHints":{"allow":["GET"]}}],"collection":[{"href":"https:\/\/www.schuetzen-bilk.de\/index.php\/wp-json\/wp\/v2\/posts"}],"about":[{"href":"https:\/\/www.schuetzen-bilk.de\/index.php\/wp-json\/wp\/v2\/types\/post"}],"author":[{"embeddable":true,"href":"https:\/\/www.schuetzen-bilk.de\/index.php\/wp-json\/wp\/v2\/users\/1"}],"replies":[{"embeddable":true,"href":"https:\/\/www.schuetzen-bilk.de\/index.php\/wp-json\/wp\/v2\/comments?post=3396"}],"version-history":[{"count":2,"href":"https:\/\/www.schuetzen-bilk.de\/index.php\/wp-json\/wp\/v2\/posts\/3396\/revisions"}],"predecessor-version":[{"id":6710,"href":"https:\/\/www.schuetzen-bilk.de\/index.php\/wp-json\/wp\/v2\/posts\/3396\/revisions\/6710"}],"wp:featuredmedia":[{"embeddable":true,"href":"https:\/\/www.schuetzen-bilk.de\/index.php\/wp-json\/wp\/v2\/media\/3397"}],"wp:attachment":[{"href":"https:\/\/www.schuetzen-bilk.de\/index.php\/wp-json\/wp\/v2\/media?parent=3396"}],"wp:term":[{"taxonomy":"category","embeddable":true,"href":"https:\/\/www.schuetzen-bilk.de\/index.php\/wp-json\/wp\/v2\/categories?post=3396"},{"taxonomy":"post_tag","embeddable":true,"href":"https:\/\/www.schuetzen-bilk.de\/index.php\/wp-json\/wp\/v2\/tags?post=3396"}],"curies":[{"name":"wp","href":"https:\/\/api.w.org\/{rel}","templated":true}]}}